{"id":9299,"date":"2024-07-17T10:00:16","date_gmt":"2024-07-17T08:00:16","guid":{"rendered":"https:\/\/www.ausilium.it\/blog\/?p=9299"},"modified":"2024-06-20T16:27:19","modified_gmt":"2024-06-20T14:27:19","slug":"cos-e-l-alzheimer-i-primi-sintomi-e-fasi-del-morbo","status":"publish","type":"post","link":"https:\/\/www.ausilium.it\/blog\/cos-e-l-alzheimer-i-primi-sintomi-e-fasi-del-morbo\/","title":{"rendered":"Alzheimer: sintomi iniziali e progressione della malattia"},"content":{"rendered":"<p>L&#8217;<strong>Alzheimer<\/strong> rappresenta una forma diffusa di demenza senile con una percentuale impattante tra le persone oltre i 65 anni. Tuttavia, pu\u00f2 colpire anche i pi\u00f9 giovani, con sintomi riscontrabili gi\u00e0 intorno ai 50 anni. Questa malattia neurodegenerativa segue un percorso clinico progressivo, che varia da persona a persona.<\/p>\n<p>Nel nostro articolo, esploreremo i <strong>sintomi iniziali dell&#8217;Alzheimer<\/strong>, fondamentali per individuare precocemente la patologia e fare in modo che i pazienti e le famiglie colpite possano ricevere il migliore supporto.<\/p>\n<h2><strong>Cos\u2019\u00e8 l\u2019Alzheimer?<\/strong><\/h2>\n<p>L&#8217;Alzheimer \u00e8 una malattia che colpisce un numero significativo di anziani, con una prevalenza che aumenta con l&#8217;et\u00e0: circa il 5% delle persone sopra i 65 anni ne \u00e8 affetto, mentre tra gli ultraottantenni questa percentuale sale al 25%. Esiste anche una forma meno comune chiamata <strong>Alzheimer precoce o giovanile<\/strong>, che pu\u00f2 manifestarsi gi\u00e0 tra i 30 e i 60 anni.<\/p>\n<p>Questa patologia \u00e8 caratterizzata da un processo neurodegenerativo che porta a un deterioramento irreversibile delle principali funzioni cognitive, tra cui memoria, attenzione, ragionamento e linguaggio: progressivamente, compromette l&#8217;autonomia e la capacit\u00e0 di svolgere le normali attivit\u00e0 quotidiane.<\/p>\n<p><strong>L&#8217;Alzheimer pu\u00f2 essere suddiviso in stadi distinti<\/strong> che descrivono il suo avanzamento nel tempo, da quello iniziale a quello finale, ciascuno con caratteristiche e sintomi specifici che riflettono il deterioramento graduale dell&#8217;indipendenza del paziente.<\/p>\n<h2><strong>I sintomi iniziali dell\u2019Alzheimer<\/strong><\/h2>\n<p>Tra i primi segnali dell&#8217;<strong>Alzheimer<\/strong> ci sono la <strong>perdita di memoria<\/strong>, i disturbi del <strong>linguaggio<\/strong>, l&#8217;<strong>impoverimento lessicale<\/strong>, il <strong>disorientamento spazio-temporale<\/strong>, episodi di <strong>confusione<\/strong>, <strong>sbalzi repentini dell\u2019umore<\/strong> e <strong>modifiche comportamentali<\/strong>.<\/p>\n<p>Questi sintomi possono variare notevolmente da individuo a individuo, colpendo in modo impattante le <strong>capacit\u00e0 cognitive e il comportamento<\/strong>.<\/p>\n<p>La <strong>perdita di memoria<\/strong> rappresenta uno dei segni pi\u00f9 insidiosi e persistenti della malattia. Inizialmente, pu\u00f2 essere lieve e poco evidente, ma col passare del tempo diventa sempre pi\u00f9 pronunciata e irreversibile. \u00c8 essenziale, quindi, essere attenti a questi segnali, poich\u00e9 una diagnosi precoce pu\u00f2 fare la differenza nel gestire e nel <strong>rallentare la progressione dell&#8217;Alzheimer<\/strong>, migliorando cos\u00ec la qualit\u00e0 della vita dei pazienti e dei loro familiari.<\/p>\n<h2><strong>Le cause dell\u2019Alzheimer<\/strong><\/h2>\n<p>Le cause dell\u2019<strong>Alzheimer<\/strong> non sono ancora state definite in modo specifico, ma sembra che la malattia sia legata a un\u2019alterazione della sintesi e degradazione della proteina detta APP. Questa si accumula in placche amiloidee che si depositano nel cervello, generando una condizione neurotossica che porta alla morte neuronale progressiva.<\/p>\n<p>I fattori di rischio per questa malattia includono condizioni simili a quelle cardiocircolatorie, come <strong>obesit\u00e0<\/strong>, <strong>ipertensione<\/strong>, <strong>ipercolesterolemia<\/strong>, <strong>fumo<\/strong>, <strong>alcool<\/strong> e <strong>diabete di tipo 2<\/strong>. Inoltre, sembra che le <strong>donne<\/strong> siano pi\u00f9 suscettibili allo sviluppo dell\u2019<strong>Alzheimer<\/strong> rispetto agli uomini.<\/p>\n<h2><strong>Come avviene la diagnosi dell\u2019Alzheimer<\/strong><\/h2>\n<p>Per emettere una diagnosi di <strong>Alzheimer<\/strong>, lo specialista sottopone il paziente a diversi esami. Questi consistono in uno <strong>screening<\/strong> iniziale, per escludere altre forme di demenza legate a patologie metaboliche o endocrine, oltre a una valutazione cognitiva estensiva per comprendere la gravit\u00e0 e il profilo dei disturbi cognitivi.<\/p>\n<p>Inoltre, vengono utilizzati strumenti avanzati come la <strong>PET con fluorode-sossiglucosio<\/strong> (Tomografia a emissione di positroni) e la risonanza magnetica (RMN) ad alta definizione. Una procedura importante \u00e8 la puntura lombare, che consente di misurare la presenza delle proteine TAU e Beta Amiloide nel liquido cerebrospinale. Questo consente e di verificare direttamente la presenza delle proteine responsabili della progressione della malattia.<\/p>\n<p>Questi esami combinati aiutano lo specialista a formulare una diagnosi accurata di <strong>Alzheimer<\/strong> e a pianificare il trattamento e il supporto pi\u00f9 adeguati al paziente.<\/p>\n<h2><strong>Le fasi degenerative dell\u2019Alzheimer<\/strong><\/h2>\n<p>L&#8217;Alzheimer progredisce attraverso sette fasi, descritte dal sistema di Barry Reisberg, M.D., del Dementia Research Center della New York University School of Medicine. Vediamole insieme.<\/p>\n<p><strong>Fase 1 Funzionalit\u00e0 normale<\/strong><br \/>\nIl paziente non mostra segnali di evidenti problemi alla memoria durante una visita medica.<\/p>\n<p><strong>Fase 2 Declino cognitivo molto lieve<\/strong><br \/>\nPotrebbero esserci lievi vuoti di memoria, ma nessun sintomo di demenza \u00e8 evidente per familiari o medici.<\/p>\n<p><strong>Fase 3 Declino cognitivo lieve<\/strong><br \/>\nInizia a essere evidente un declino nelle capacit\u00e0 cognitive, come difficolt\u00e0 a trovare le parole giuste o a ricordare dettagli recenti.<\/p>\n<p><strong>Fase 4 Declino cognitivo moderato<\/strong><br \/>\nSintomi pi\u00f9 chiari emergono, come difficolt\u00e0 a ricordare eventi recenti e compiti complessi come la gestione delle finanze.<\/p>\n<p><strong>Fase 5 Declino cognitivo moderatamente grave<\/strong><br \/>\nLe lacune nella memoria e nel pensiero diventano evidenti e la persona ha bisogno di assistenza per svolgere attivit\u00e0 quotidiane.<\/p>\n<p><strong>Fase 6 Declino cognitivo grave<\/strong><br \/>\nLa memoria continua a peggiorare e si manifestano cambiamenti comportamentali significativi. L&#8217;assistenza \u00e8 necessaria per la gestione personale.<\/p>\n<p><strong>Fase 7 Declino cognitivo molto grave<\/strong><br \/>\nLa capacit\u00e0 di comunicare e di controllare i movimenti si perde completamente. L&#8217;assistenza \u00e8 essenziale per ogni aspetto della cura personale.<\/p>\n<p>Queste fasi illustrano il deterioramento progressivo dell&#8217;Alzheimer, dal lieve declino cognitivo fino alla perdita totale delle funzioni motorie e alla totale assenza di autonomia.<\/p>\n<h2><strong>Il percorso di cure per il morbo di Alzheimer<\/strong><\/h2>\n<p>Attualmente non esistono terapie in grado di curare l&#8217;<strong>Alzheimer<\/strong>. I trattamenti, infatti, si concentrano su strategie preventive e conservative di tipo farmacologico.<\/p>\n<p>I farmaci principali includono gli inibitori dell\u2019acetilcolinesterasi, che possono migliorare i sintomi e rallentare la progressione della neurodegenerazione e la Memantina, che agisce sui recettori NMDA per ridurre l&#8217;eccitotossicit\u00e0 neuronale. Come supporto \u00e8 sempre consigliabile assumere <a href=\"https:\/\/www.ausilium.it\/integratore-gruppo-b-equilibra-compresse-doppio-strato\">integratori alimentari del Gruppo B<\/a> formulati per ridurre stanchezza e affaticamento.<br \/>\nOltre ai trattamenti farmacologici, la terapia di supporto cognitivo come la ROT (Terapia di Orientamento alla Realt\u00e0) ha mostrato risposte positive. Questo approccio stimola e orienta il paziente attraverso stimoli visivi, verbali, musicali e scritti, facilitando una migliore comprensione della propria vita e dell&#8217;ambiente circostante. La ROT \u00e8 condotta da psicologi e terapisti in ambienti formali o informali.<\/p>\n<p>Saper <strong>riconoscere i sintomi iniziali dell&#8217;Alzheimer<\/strong> significa comprendere una malattia che non solo colpisce la memoria, ma anche la vita quotidiana delle persone e delle loro famiglie. Dalla diagnosi precoce, alle cure di supporto per arrivare alla gestione delle diverse fasi degenerative, ogni passo \u00e8 cruciale per migliorare la qualit\u00e0 della vita dei pazienti.<\/p>\n","protected":false},"excerpt":{"rendered":"<p>L&#8217;Alzheimer rappresenta una forma diffusa di demenza senile con una percentuale impattante tra le persone oltre i 65 anni. Tuttavia, [&hellip;]<\/p>\n","protected":false},"author":8,"featured_media":9300,"comment_status":"closed","ping_status":"open","sticky":false,"template":"","format":"standard","meta":{"_acf_changed":false,"site-sidebar-layout":"default","site-content-layout":"","ast-site-content-layout":"default","site-content-style":"default","site-sidebar-style":"default","ast-global-header-display":"","ast-banner-title-visibility":"","ast-main-header-display":"","ast-hfb-above-header-display":"","ast-hfb-below-header-display":"","ast-hfb-mobile-header-display":"","site-post-title":"","ast-breadcrumbs-content":"","ast-featured-img":"","footer-sml-layout":"","theme-transparent-header-meta":"default","adv-header-id-meta":"","stick-header-meta":"","header-above-stick-meta":"","header-main-stick-meta":"","header-below-stick-meta":"","astra-migrate-meta-layouts":"set","ast-page-background-enabled":"default","ast-page-background-meta":{"desktop":{"background-color":"var(--ast-global-color-4)","background-image":"","background-repeat":"repeat","background-position":"center center","background-size":"auto","background-attachment":"scroll","background-type":"","background-media":"","overlay-type":"","overlay-color":"","overlay-opacity":"","overlay-gradient":""},"tablet":{"background-color":"","background-image":"","background-repeat":"repeat","background-position":"center center","background-size":"auto","background-attachment":"scroll","background-type":"","background-media":"","overlay-type":"","overlay-color":"","overlay-opacity":"","overlay-gradient":""},"mobile":{"background-color":"","background-image":"","background-repeat":"repeat","background-position":"center center","background-size":"auto","background-attachment":"scroll","background-type":"","background-media":"","overlay-type":"","overlay-color":"","overlay-opacity":"","overlay-gradient":""}},"ast-content-background-meta":{"desktop":{"background-color":"var(--ast-global-color-5)","background-image":"","background-repeat":"repeat","background-position":"center center","background-size":"auto","background-attachment":"scroll","background-type":"","background-media":"","overlay-type":"","overlay-color":"","overlay-opacity":"","overlay-gradient":""},"tablet":{"background-color":"var(--ast-global-color-5)","background-image":"","background-repeat":"repeat","background-position":"center center","background-size":"auto","background-attachment":"scroll","background-type":"","background-media":"","overlay-type":"","overlay-color":"","overlay-opacity":"","overlay-gradient":""},"mobile":{"background-color":"var(--ast-global-color-5)","background-image":"","background-repeat":"repeat","background-position":"center center","background-size":"auto","background-attachment":"scroll","background-type":"","background-media":"","overlay-type":"","overlay-color":"","overlay-opacity":"","overlay-gradient":""}},"footnotes":""},"categories":[1191,3],"tags":[],"class_list":["post-9299","post","type-post","status-publish","format-standard","has-post-thumbnail","hentry","category-medicina-e-salute","category-salute"],"acf":[],"yoast_head":"<!-- This site is optimized with the Yoast SEO plugin v25.5 - https:\/\/yoast.com\/wordpress\/plugins\/seo\/ -->\n<title>Cos&#039;\u00e8 l&#039;alzheimer: sintomi e fasi del morbo | Ausilium<\/title>\n<meta name=\"description\" content=\"Scopri i primi segnali e le fasi progressive dell&#039;Alzheimer in questo articolo che fornisce informazioni chiave e supporto per le famiglie.\" \/>\n<meta name=\"robots\" content=\"index, follow, max-snippet:-1, max-image-preview:large, max-video-preview:-1\" \/>\n<link rel=\"canonical\" href=\"https:\/\/www.ausilium.it\/blog\/cos-e-l-alzheimer-i-primi-sintomi-e-fasi-del-morbo\/\" \/>\n<meta property=\"og:locale\" content=\"it_IT\" \/>\n<meta property=\"og:type\" content=\"article\" \/>\n<meta property=\"og:title\" content=\"Cos&#039;\u00e8 l&#039;alzheimer: sintomi e fasi del morbo | Ausilium\" \/>\n<meta property=\"og:description\" content=\"Scopri i primi segnali e le fasi progressive dell&#039;Alzheimer in questo articolo che fornisce informazioni chiave e supporto per le famiglie.\" \/>\n<meta property=\"og:url\" content=\"https:\/\/www.ausilium.it\/blog\/cos-e-l-alzheimer-i-primi-sintomi-e-fasi-del-morbo\/\" \/>\n<meta property=\"og:site_name\" content=\"Blog \u2013 Ausilium.it\" \/>\n<meta property=\"article:publisher\" content=\"https:\/\/www.facebook.com\/Ausiliumsrl\/\" \/>\n<meta property=\"article:published_time\" content=\"2024-07-17T08:00:16+00:00\" \/>\n<meta property=\"og:image\" content=\"https:\/\/www.ausilium.it\/blog\/wp-content\/uploads\/2024\/06\/alzheimer-sintomi.png\" \/>\n\t<meta property=\"og:image:width\" content=\"820\" \/>\n\t<meta property=\"og:image:height\" content=\"312\" \/>\n\t<meta property=\"og:image:type\" content=\"image\/png\" \/>\n<meta name=\"author\" content=\"Ausilium\" \/>\n<meta name=\"twitter:card\" content=\"summary_large_image\" \/>\n<meta name=\"twitter:creator\" content=\"@ausilium\" \/>\n<meta name=\"twitter:site\" content=\"@ausilium\" \/>\n<meta name=\"twitter:label1\" content=\"Scritto da\" \/>\n\t<meta name=\"twitter:data1\" content=\"Ausilium\" \/>\n\t<meta name=\"twitter:label2\" content=\"Tempo di lettura stimato\" \/>\n\t<meta name=\"twitter:data2\" content=\"6 minuti\" \/>\n<script type=\"application\/ld+json\" class=\"yoast-schema-graph\">{\"@context\":\"https:\/\/schema.org\",\"@graph\":[{\"@type\":\"Article\",\"@id\":\"https:\/\/www.ausilium.it\/blog\/cos-e-l-alzheimer-i-primi-sintomi-e-fasi-del-morbo\/#article\",\"isPartOf\":{\"@id\":\"https:\/\/www.ausilium.it\/blog\/cos-e-l-alzheimer-i-primi-sintomi-e-fasi-del-morbo\/\"},\"author\":{\"name\":\"Ausilium\",\"@id\":\"https:\/\/www.ausilium.it\/blog\/#\/schema\/person\/1d3201398b847bf23951a394f1414d72\"},\"headline\":\"Alzheimer: sintomi iniziali e progressione della malattia\",\"datePublished\":\"2024-07-17T08:00:16+00:00\",\"mainEntityOfPage\":{\"@id\":\"https:\/\/www.ausilium.it\/blog\/cos-e-l-alzheimer-i-primi-sintomi-e-fasi-del-morbo\/\"},\"wordCount\":979,\"publisher\":{\"@id\":\"https:\/\/www.ausilium.it\/blog\/#organization\"},\"image\":{\"@id\":\"https:\/\/www.ausilium.it\/blog\/cos-e-l-alzheimer-i-primi-sintomi-e-fasi-del-morbo\/#primaryimage\"},\"thumbnailUrl\":\"https:\/\/www.ausilium.it\/blog\/wp-content\/uploads\/2024\/06\/alzheimer-sintomi.png\",\"articleSection\":[\"Medicina e salute\",\"Salute\"],\"inLanguage\":\"it-IT\"},{\"@type\":\"WebPage\",\"@id\":\"https:\/\/www.ausilium.it\/blog\/cos-e-l-alzheimer-i-primi-sintomi-e-fasi-del-morbo\/\",\"url\":\"https:\/\/www.ausilium.it\/blog\/cos-e-l-alzheimer-i-primi-sintomi-e-fasi-del-morbo\/\",\"name\":\"Cos'\u00e8 l'alzheimer: sintomi e fasi del morbo | Ausilium\",\"isPartOf\":{\"@id\":\"https:\/\/www.ausilium.it\/blog\/#website\"},\"primaryImageOfPage\":{\"@id\":\"https:\/\/www.ausilium.it\/blog\/cos-e-l-alzheimer-i-primi-sintomi-e-fasi-del-morbo\/#primaryimage\"},\"image\":{\"@id\":\"https:\/\/www.ausilium.it\/blog\/cos-e-l-alzheimer-i-primi-sintomi-e-fasi-del-morbo\/#primaryimage\"},\"thumbnailUrl\":\"https:\/\/www.ausilium.it\/blog\/wp-content\/uploads\/2024\/06\/alzheimer-sintomi.png\",\"datePublished\":\"2024-07-17T08:00:16+00:00\",\"description\":\"Scopri i primi segnali e le fasi progressive dell'Alzheimer in questo articolo che fornisce informazioni chiave e supporto per le famiglie.\",\"breadcrumb\":{\"@id\":\"https:\/\/www.ausilium.it\/blog\/cos-e-l-alzheimer-i-primi-sintomi-e-fasi-del-morbo\/#breadcrumb\"},\"inLanguage\":\"it-IT\",\"potentialAction\":[{\"@type\":\"ReadAction\",\"target\":[\"https:\/\/www.ausilium.it\/blog\/cos-e-l-alzheimer-i-primi-sintomi-e-fasi-del-morbo\/\"]}]},{\"@type\":\"ImageObject\",\"inLanguage\":\"it-IT\",\"@id\":\"https:\/\/www.ausilium.it\/blog\/cos-e-l-alzheimer-i-primi-sintomi-e-fasi-del-morbo\/#primaryimage\",\"url\":\"https:\/\/www.ausilium.it\/blog\/wp-content\/uploads\/2024\/06\/alzheimer-sintomi.png\",\"contentUrl\":\"https:\/\/www.ausilium.it\/blog\/wp-content\/uploads\/2024\/06\/alzheimer-sintomi.png\",\"width\":820,\"height\":312},{\"@type\":\"BreadcrumbList\",\"@id\":\"https:\/\/www.ausilium.it\/blog\/cos-e-l-alzheimer-i-primi-sintomi-e-fasi-del-morbo\/#breadcrumb\",\"itemListElement\":[{\"@type\":\"ListItem\",\"position\":1,\"name\":\"Home\",\"item\":\"https:\/\/www.ausilium.it\/blog\/\"},{\"@type\":\"ListItem\",\"position\":2,\"name\":\"Alzheimer: sintomi iniziali e progressione della malattia\"}]},{\"@type\":\"WebSite\",\"@id\":\"https:\/\/www.ausilium.it\/blog\/#website\",\"url\":\"https:\/\/www.ausilium.it\/blog\/\",\"name\":\"Blog \u2013 Ausilium.it\",\"description\":\"Scopri il Blog Salute di Ausilium per ottenere approfondimenti esperti su benessere, consigli medici e migliori prodotti. La tua guida definitiva per una vita sana.\",\"publisher\":{\"@id\":\"https:\/\/www.ausilium.it\/blog\/#organization\"},\"potentialAction\":[{\"@type\":\"SearchAction\",\"target\":{\"@type\":\"EntryPoint\",\"urlTemplate\":\"https:\/\/www.ausilium.it\/blog\/?s={search_term_string}\"},\"query-input\":{\"@type\":\"PropertyValueSpecification\",\"valueRequired\":true,\"valueName\":\"search_term_string\"}}],\"inLanguage\":\"it-IT\"},{\"@type\":\"Organization\",\"@id\":\"https:\/\/www.ausilium.it\/blog\/#organization\",\"name\":\"Blog Ausilium.it\",\"url\":\"https:\/\/www.ausilium.it\/blog\/\",\"logo\":{\"@type\":\"ImageObject\",\"inLanguage\":\"it-IT\",\"@id\":\"https:\/\/www.ausilium.it\/blog\/#\/schema\/logo\/image\/\",\"url\":\"https:\/\/www.ausilium.it\/blog\/wp-content\/uploads\/2021\/12\/cropped-cropped-blog-retina-logo-mobile.png\",\"contentUrl\":\"https:\/\/www.ausilium.it\/blog\/wp-content\/uploads\/2021\/12\/cropped-cropped-blog-retina-logo-mobile.png\",\"width\":280,\"height\":73,\"caption\":\"Blog Ausilium.it\"},\"image\":{\"@id\":\"https:\/\/www.ausilium.it\/blog\/#\/schema\/logo\/image\/\"},\"sameAs\":[\"https:\/\/www.facebook.com\/Ausiliumsrl\/\",\"https:\/\/x.com\/ausilium\",\"https:\/\/www.youtube.com\/user\/Ausilium\/videos\"]},{\"@type\":\"Person\",\"@id\":\"https:\/\/www.ausilium.it\/blog\/#\/schema\/person\/1d3201398b847bf23951a394f1414d72\",\"name\":\"Ausilium\",\"image\":{\"@type\":\"ImageObject\",\"inLanguage\":\"it-IT\",\"@id\":\"https:\/\/www.ausilium.it\/blog\/#\/schema\/person\/image\/\",\"url\":\"https:\/\/www.ausilium.it\/blog\/wp-content\/uploads\/2022\/02\/logo-quadrato-100x100.png\",\"contentUrl\":\"https:\/\/www.ausilium.it\/blog\/wp-content\/uploads\/2022\/02\/logo-quadrato-100x100.png\",\"caption\":\"Ausilium\"},\"url\":\"https:\/\/www.ausilium.it\/blog\/author\/cecilia-grosso\/\"}]}<\/script>\n<!-- \/ Yoast SEO plugin. -->","yoast_head_json":{"title":"Cos'\u00e8 l'alzheimer: sintomi e fasi del morbo | Ausilium","description":"Scopri i primi segnali e le fasi progressive dell'Alzheimer in questo articolo che fornisce informazioni chiave e supporto per le famiglie.","robots":{"index":"index","follow":"follow","max-snippet":"max-snippet:-1","max-image-preview":"max-image-preview:large","max-video-preview":"max-video-preview:-1"},"canonical":"https:\/\/www.ausilium.it\/blog\/cos-e-l-alzheimer-i-primi-sintomi-e-fasi-del-morbo\/","og_locale":"it_IT","og_type":"article","og_title":"Cos'\u00e8 l'alzheimer: sintomi e fasi del morbo | Ausilium","og_description":"Scopri i primi segnali e le fasi progressive dell'Alzheimer in questo articolo che fornisce informazioni chiave e supporto per le famiglie.","og_url":"https:\/\/www.ausilium.it\/blog\/cos-e-l-alzheimer-i-primi-sintomi-e-fasi-del-morbo\/","og_site_name":"Blog \u2013 Ausilium.it","article_publisher":"https:\/\/www.facebook.com\/Ausiliumsrl\/","article_published_time":"2024-07-17T08:00:16+00:00","og_image":[{"width":820,"height":312,"url":"https:\/\/www.ausilium.it\/blog\/wp-content\/uploads\/2024\/06\/alzheimer-sintomi.png","type":"image\/png"}],"author":"Ausilium","twitter_card":"summary_large_image","twitter_creator":"@ausilium","twitter_site":"@ausilium","twitter_misc":{"Scritto da":"Ausilium","Tempo di lettura stimato":"6 minuti"},"schema":{"@context":"https:\/\/schema.org","@graph":[{"@type":"Article","@id":"https:\/\/www.ausilium.it\/blog\/cos-e-l-alzheimer-i-primi-sintomi-e-fasi-del-morbo\/#article","isPartOf":{"@id":"https:\/\/www.ausilium.it\/blog\/cos-e-l-alzheimer-i-primi-sintomi-e-fasi-del-morbo\/"},"author":{"name":"Ausilium","@id":"https:\/\/www.ausilium.it\/blog\/#\/schema\/person\/1d3201398b847bf23951a394f1414d72"},"headline":"Alzheimer: sintomi iniziali e progressione della malattia","datePublished":"2024-07-17T08:00:16+00:00","mainEntityOfPage":{"@id":"https:\/\/www.ausilium.it\/blog\/cos-e-l-alzheimer-i-primi-sintomi-e-fasi-del-morbo\/"},"wordCount":979,"publisher":{"@id":"https:\/\/www.ausilium.it\/blog\/#organization"},"image":{"@id":"https:\/\/www.ausilium.it\/blog\/cos-e-l-alzheimer-i-primi-sintomi-e-fasi-del-morbo\/#primaryimage"},"thumbnailUrl":"https:\/\/www.ausilium.it\/blog\/wp-content\/uploads\/2024\/06\/alzheimer-sintomi.png","articleSection":["Medicina e salute","Salute"],"inLanguage":"it-IT"},{"@type":"WebPage","@id":"https:\/\/www.ausilium.it\/blog\/cos-e-l-alzheimer-i-primi-sintomi-e-fasi-del-morbo\/","url":"https:\/\/www.ausilium.it\/blog\/cos-e-l-alzheimer-i-primi-sintomi-e-fasi-del-morbo\/","name":"Cos'\u00e8 l'alzheimer: sintomi e fasi del morbo | Ausilium","isPartOf":{"@id":"https:\/\/www.ausilium.it\/blog\/#website"},"primaryImageOfPage":{"@id":"https:\/\/www.ausilium.it\/blog\/cos-e-l-alzheimer-i-primi-sintomi-e-fasi-del-morbo\/#primaryimage"},"image":{"@id":"https:\/\/www.ausilium.it\/blog\/cos-e-l-alzheimer-i-primi-sintomi-e-fasi-del-morbo\/#primaryimage"},"thumbnailUrl":"https:\/\/www.ausilium.it\/blog\/wp-content\/uploads\/2024\/06\/alzheimer-sintomi.png","datePublished":"2024-07-17T08:00:16+00:00","description":"Scopri i primi segnali e le fasi progressive dell'Alzheimer in questo articolo che fornisce informazioni chiave e supporto per le famiglie.","breadcrumb":{"@id":"https:\/\/www.ausilium.it\/blog\/cos-e-l-alzheimer-i-primi-sintomi-e-fasi-del-morbo\/#breadcrumb"},"inLanguage":"it-IT","potentialAction":[{"@type":"ReadAction","target":["https:\/\/www.ausilium.it\/blog\/cos-e-l-alzheimer-i-primi-sintomi-e-fasi-del-morbo\/"]}]},{"@type":"ImageObject","inLanguage":"it-IT","@id":"https:\/\/www.ausilium.it\/blog\/cos-e-l-alzheimer-i-primi-sintomi-e-fasi-del-morbo\/#primaryimage","url":"https:\/\/www.ausilium.it\/blog\/wp-content\/uploads\/2024\/06\/alzheimer-sintomi.png","contentUrl":"https:\/\/www.ausilium.it\/blog\/wp-content\/uploads\/2024\/06\/alzheimer-sintomi.png","width":820,"height":312},{"@type":"BreadcrumbList","@id":"https:\/\/www.ausilium.it\/blog\/cos-e-l-alzheimer-i-primi-sintomi-e-fasi-del-morbo\/#breadcrumb","itemListElement":[{"@type":"ListItem","position":1,"name":"Home","item":"https:\/\/www.ausilium.it\/blog\/"},{"@type":"ListItem","position":2,"name":"Alzheimer: sintomi iniziali e progressione della malattia"}]},{"@type":"WebSite","@id":"https:\/\/www.ausilium.it\/blog\/#website","url":"https:\/\/www.ausilium.it\/blog\/","name":"Blog \u2013 Ausilium.it","description":"Scopri il Blog Salute di Ausilium per ottenere approfondimenti esperti su benessere, consigli medici e migliori prodotti. La tua guida definitiva per una vita sana.","publisher":{"@id":"https:\/\/www.ausilium.it\/blog\/#organization"},"potentialAction":[{"@type":"SearchAction","target":{"@type":"EntryPoint","urlTemplate":"https:\/\/www.ausilium.it\/blog\/?s={search_term_string}"},"query-input":{"@type":"PropertyValueSpecification","valueRequired":true,"valueName":"search_term_string"}}],"inLanguage":"it-IT"},{"@type":"Organization","@id":"https:\/\/www.ausilium.it\/blog\/#organization","name":"Blog Ausilium.it","url":"https:\/\/www.ausilium.it\/blog\/","logo":{"@type":"ImageObject","inLanguage":"it-IT","@id":"https:\/\/www.ausilium.it\/blog\/#\/schema\/logo\/image\/","url":"https:\/\/www.ausilium.it\/blog\/wp-content\/uploads\/2021\/12\/cropped-cropped-blog-retina-logo-mobile.png","contentUrl":"https:\/\/www.ausilium.it\/blog\/wp-content\/uploads\/2021\/12\/cropped-cropped-blog-retina-logo-mobile.png","width":280,"height":73,"caption":"Blog Ausilium.it"},"image":{"@id":"https:\/\/www.ausilium.it\/blog\/#\/schema\/logo\/image\/"},"sameAs":["https:\/\/www.facebook.com\/Ausiliumsrl\/","https:\/\/x.com\/ausilium","https:\/\/www.youtube.com\/user\/Ausilium\/videos"]},{"@type":"Person","@id":"https:\/\/www.ausilium.it\/blog\/#\/schema\/person\/1d3201398b847bf23951a394f1414d72","name":"Ausilium","image":{"@type":"ImageObject","inLanguage":"it-IT","@id":"https:\/\/www.ausilium.it\/blog\/#\/schema\/person\/image\/","url":"https:\/\/www.ausilium.it\/blog\/wp-content\/uploads\/2022\/02\/logo-quadrato-100x100.png","contentUrl":"https:\/\/www.ausilium.it\/blog\/wp-content\/uploads\/2022\/02\/logo-quadrato-100x100.png","caption":"Ausilium"},"url":"https:\/\/www.ausilium.it\/blog\/author\/cecilia-grosso\/"}]}},"amp_enabled":true,"_links":{"self":[{"href":"https:\/\/www.ausilium.it\/blog\/wp-json\/wp\/v2\/posts\/9299"}],"collection":[{"href":"https:\/\/www.ausilium.it\/blog\/wp-json\/wp\/v2\/posts"}],"about":[{"href":"https:\/\/www.ausilium.it\/blog\/wp-json\/wp\/v2\/types\/post"}],"author":[{"embeddable":true,"href":"https:\/\/www.ausilium.it\/blog\/wp-json\/wp\/v2\/users\/8"}],"replies":[{"embeddable":true,"href":"https:\/\/www.ausilium.it\/blog\/wp-json\/wp\/v2\/comments?post=9299"}],"version-history":[{"count":1,"href":"https:\/\/www.ausilium.it\/blog\/wp-json\/wp\/v2\/posts\/9299\/revisions"}],"predecessor-version":[{"id":9301,"href":"https:\/\/www.ausilium.it\/blog\/wp-json\/wp\/v2\/posts\/9299\/revisions\/9301"}],"wp:featuredmedia":[{"embeddable":true,"href":"https:\/\/www.ausilium.it\/blog\/wp-json\/wp\/v2\/media\/9300"}],"wp:attachment":[{"href":"https:\/\/www.ausilium.it\/blog\/wp-json\/wp\/v2\/media?parent=9299"}],"wp:term":[{"taxonomy":"category","embeddable":true,"href":"https:\/\/www.ausilium.it\/blog\/wp-json\/wp\/v2\/categories?post=9299"},{"taxonomy":"post_tag","embeddable":true,"href":"https:\/\/www.ausilium.it\/blog\/wp-json\/wp\/v2\/tags?post=9299"}],"curies":[{"name":"wp","href":"https:\/\/api.w.org\/{rel}","templated":true}]}}