{"id":8091,"date":"2021-10-01T10:00:17","date_gmt":"2021-10-01T08:00:17","guid":{"rendered":"https:\/\/blog.ausilium.it\/?p=8091"},"modified":"2024-08-22T12:50:54","modified_gmt":"2024-08-22T10:50:54","slug":"giornata-mondiale-del-caffe-tutti-i-benefici-che-non-conoscevate","status":"publish","type":"post","link":"https:\/\/www.ausilium.it\/blog\/giornata-mondiale-del-caffe-tutti-i-benefici-che-non-conoscevate\/","title":{"rendered":"Giornata mondiale del caff\u00e8: tutti i benefici che non conoscevate"},"content":{"rendered":"<h3><span style=\"font-weight: 400;\">Lo amiamo, lo gustiamo, a volte lo temiamo, ma sappiamo quanto fa bene il caff\u00e8?<\/span><\/h3>\n<p><b>Se non abbiamo problematiche di salute<\/b><span style=\"font-weight: 400;\"> particolari o non viviamo situazioni specifiche come gravidanza e allattamento, il caff\u00e8 fa bene. Sfatiamo allora i falsi miti di pericolosit\u00e0 della caffeina e scopriamo come possa aiutarci non solo a stare svegli ma anche in salute.<\/span><\/p>\n<p><b>Il segreto<\/b><span style=\"font-weight: 400;\">, come spesso avviene, sta infatti nell\u2019assunzione di <\/span><b>quantit\u00e0 moderate e ragionevoli<\/b><span style=\"font-weight: 400;\"> di caffeina. La tanto amata tazzina di caff\u00e8 continuer\u00e0 cos\u00ec ad essere una buona compagna di viaggio delle nostre giornate.<\/span><\/p>\n<h4><b>Perch\u00e9 la caffeina fa bene<\/b><\/h4>\n<p><span style=\"font-weight: 400;\">Dobbiamo temere <\/span><a href=\"https:\/\/www.fondazioneveronesi.it\/magazine\/articoli\/alimentazione\/caffe-ecco-quanto-berne-per-trarre-benefici-per-la-salute\"><span style=\"font-weight: 400;\">4-5 tazzine di caff\u00e8 al giorno<\/span><\/a><span style=\"font-weight: 400;\">, se siamo adulti sani? Assolutamente no. Infatti non si superano i 400 mg di caffeina che sono genericamente riconosciuti come non dannosi e anzi utili.<\/span><\/p>\n<p><span style=\"font-weight: 400;\">Il caff\u00e8 \u00e8 infatti ricco di antiossidanti e la caffeina \u00e8 infatti uno stimolante naturale del sistema nervoso centrale. Un aiuto quindi per darci la sveglia la mattina o quando l\u2019attenzione cala a met\u00e0 giornata.\u00a0<\/span><\/p>\n<p><span style=\"font-weight: 400;\">Non sminuiamo anche il valore sociale che ha per noi il caff\u00e8: per noi italiani \u00e8 un rito quotidiano personale e sociale. Un caff\u00e8 in compagnia, a casa, al bar, persino alla macchinetta in ufficio, \u00e8 un momento di relax, di socializzazione e anche di confidenza tra amici o parenti.<\/span><\/p>\n<h4><b>Non solo nella tazzina di caff\u00e9: dolci, gelati, tisane<\/b><\/h4>\n<p>Siamo sicuri di sapere veramente dove possiamo trovare la caffeina?<\/p>\n<p><span style=\"font-weight: 400;\">La caffeina \u00e8 utilizzata spesso negli <\/span><a href=\"https:\/\/www.ausilium.it\/integratori.htm\"><span style=\"font-weight: 400;\">integratori specifici<\/span><\/a><span style=\"font-weight: 400;\"> per tonificare o <\/span><a href=\"https:\/\/www.ausilium.it\/caffe-verde-integratore.htm\"><span style=\"font-weight: 400;\">ridurre l\u2019assorbimento di grassi<\/span><\/a><span style=\"font-weight: 400;\">, soprattutto il <\/span><b>caff\u00e8 verde<\/b><span style=\"font-weight: 400;\">.\u00a0 <\/span><span style=\"font-weight: 400;\">Ma possiamo trovarla anche nei dolci e nelle tisane. <\/span><\/p>\n<p><span style=\"font-weight: 400;\">Al mattino, o per spezzare il pomeriggio ridandoci la carica, possiamo bere una tisana energizzante\u00a0<\/span><span style=\"font-weight: 400;\">o del t\u00e8, mat\u00e8 o guaran\u00e0, tutti particolarmente ricchi di caffeina.<\/span><\/p>\n<h4><b>Quando evitare la caffeina\u00a0\u00a0<\/b><\/h4>\n<p><span style=\"font-weight: 400;\">La caffeina va eliminata o almeno dimezzata <\/span><b>quando si \u00e8 in gravidanza oppure in allattamento <\/b><span style=\"font-weight: 400;\">poich\u00e9 <\/span><a href=\"https:\/\/blog.ausilium.it\/alimenti-vietati-in-gravidanza\/\"><span style=\"font-weight: 400;\">a neonati e bambini non fa bene<\/span><\/a><span style=\"font-weight: 400;\">. Ma ci sono anche altri casi in cui assumere caffeina non ha effetti positivi: periodi o situazioni croniche in cui si assumono farmaci che interagiscono in modo negativo con la caffeina.<\/span><\/p>\n<p><span style=\"font-weight: 400;\">Quando infatti si assumono <\/span><b>broncodilatatori, antidepressivi e antipertensivi, antibiotici chinolonici<\/b><span style=\"font-weight: 400;\"> \u00e8 bene sospendere i ridurre drasticamente il caff\u00e8 e gli altri alimenti che contengono caffeina.\u00a0<\/span><\/p>\n","protected":false},"excerpt":{"rendered":"<p>Lo amiamo, lo gustiamo, a volte lo temiamo, ma sappiamo quanto fa bene il caff\u00e8? Se non abbiamo problematiche di [&hellip;]<\/p>\n","protected":false},"author":8,"featured_media":8092,"comment_status":"closed","ping_status":"open","sticky":false,"template":"","format":"standard","meta":{"_acf_changed":false,"site-sidebar-layout":"default","site-content-layout":"","ast-site-content-layout":"default","site-content-style":"default","site-sidebar-style":"default","ast-global-header-display":"","ast-banner-title-visibility":"","ast-main-header-display":"","ast-hfb-above-header-display":"","ast-hfb-below-header-display":"","ast-hfb-mobile-header-display":"","site-post-title":"","ast-breadcrumbs-content":"","ast-featured-img":"","footer-sml-layout":"","theme-transparent-header-meta":"default","adv-header-id-meta":"","stick-header-meta":"","header-above-stick-meta":"","header-main-stick-meta":"","header-below-stick-meta":"","astra-migrate-meta-layouts":"set","ast-page-background-enabled":"default","ast-page-background-meta":{"desktop":{"background-color":"var(--ast-global-color-4)","background-image":"","background-repeat":"repeat","background-position":"center center","background-size":"auto","background-attachment":"scroll","background-type":"","background-media":"","overlay-type":"","overlay-color":"","overlay-opacity":"","overlay-gradient":""},"tablet":{"background-color":"","background-image":"","background-repeat":"repeat","background-position":"center center","background-size":"auto","background-attachment":"scroll","background-type":"","background-media":"","overlay-type":"","overlay-color":"","overlay-opacity":"","overlay-gradient":""},"mobile":{"background-color":"","background-image":"","background-repeat":"repeat","background-position":"center center","background-size":"auto","background-attachment":"scroll","background-type":"","background-media":"","overlay-type":"","overlay-color":"","overlay-opacity":"","overlay-gradient":""}},"ast-content-background-meta":{"desktop":{"background-color":"var(--ast-global-color-5)","background-image":"","background-repeat":"repeat","background-position":"center center","background-size":"auto","background-attachment":"scroll","background-type":"","background-media":"","overlay-type":"","overlay-color":"","overlay-opacity":"","overlay-gradient":""},"tablet":{"background-color":"var(--ast-global-color-5)","background-image":"","background-repeat":"repeat","background-position":"center center","background-size":"auto","background-attachment":"scroll","background-type":"","background-media":"","overlay-type":"","overlay-color":"","overlay-opacity":"","overlay-gradient":""},"mobile":{"background-color":"var(--ast-global-color-5)","background-image":"","background-repeat":"repeat","background-position":"center center","background-size":"auto","background-attachment":"scroll","background-type":"","background-media":"","overlay-type":"","overlay-color":"","overlay-opacity":"","overlay-gradient":""}},"footnotes":""},"categories":[50,3,1189],"tags":[445,555,959,961,962,958,223,964,441,963,960,535,534],"class_list":["post-8091","post","type-post","status-publish","format-standard","has-post-thumbnail","hentry","category-benessere","category-salute","category-sport-e-tempo-libero","tag-alimentazione-allattamento","tag-allattamento","tag-caffe","tag-caffeina","tag-dolci","tag-giornata-mondiale-del-caffe","tag-gravidanza","tag-guarana","tag-integratori","tag-mate","tag-tazzine-di-caffe","tag-te","tag-tisane"],"acf":[],"yoast_head":"<!-- This site is optimized with the Yoast SEO plugin v25.5 - https:\/\/yoast.com\/wordpress\/plugins\/seo\/ -->\n<title>Giornata mondiale del caff\u00e8: tutti i benefici che non conoscevate -<\/title>\n<meta name=\"description\" content=\"Lo amiamo, lo gustiamo, a volte lo temiamo, ma sappiamo quanto fa bene il caff\u00e8? Se non abbiamo problematiche di salute particolari o non viviamo\" \/>\n<meta name=\"robots\" content=\"index, follow, max-snippet:-1, max-image-preview:large, max-video-preview:-1\" \/>\n<link rel=\"canonical\" href=\"https:\/\/www.ausilium.it\/blog\/giornata-mondiale-del-caffe-tutti-i-benefici-che-non-conoscevate\/\" \/>\n<meta property=\"og:locale\" content=\"it_IT\" \/>\n<meta property=\"og:type\" content=\"article\" \/>\n<meta property=\"og:title\" content=\"Giornata mondiale del caff\u00e8: tutti i benefici che non conoscevate -\" \/>\n<meta property=\"og:description\" content=\"Lo amiamo, lo gustiamo, a volte lo temiamo, ma sappiamo quanto fa bene il caff\u00e8? Se non abbiamo problematiche di salute particolari o non viviamo\" \/>\n<meta property=\"og:url\" content=\"https:\/\/www.ausilium.it\/blog\/giornata-mondiale-del-caffe-tutti-i-benefici-che-non-conoscevate\/\" \/>\n<meta property=\"og:site_name\" content=\"Blog \u2013 Ausilium.it\" \/>\n<meta property=\"article:publisher\" content=\"https:\/\/www.facebook.com\/Ausiliumsrl\/\" \/>\n<meta property=\"article:published_time\" content=\"2021-10-01T08:00:17+00:00\" \/>\n<meta property=\"article:modified_time\" content=\"2024-08-22T10:50:54+00:00\" \/>\n<meta property=\"og:image\" content=\"https:\/\/www.ausilium.it\/blog\/wp-content\/uploads\/2021\/09\/caffe.png\" \/>\n\t<meta property=\"og:image:width\" content=\"820\" \/>\n\t<meta property=\"og:image:height\" content=\"312\" \/>\n\t<meta property=\"og:image:type\" content=\"image\/png\" \/>\n<meta name=\"author\" content=\"Ausilium\" \/>\n<meta name=\"twitter:card\" content=\"summary_large_image\" \/>\n<meta name=\"twitter:creator\" content=\"@ausilium\" \/>\n<meta name=\"twitter:site\" content=\"@ausilium\" \/>\n<meta name=\"twitter:label1\" content=\"Scritto da\" \/>\n\t<meta name=\"twitter:data1\" content=\"Ausilium\" \/>\n\t<meta name=\"twitter:label2\" content=\"Tempo di lettura stimato\" \/>\n\t<meta name=\"twitter:data2\" content=\"3 minuti\" \/>\n<script type=\"application\/ld+json\" class=\"yoast-schema-graph\">{\"@context\":\"https:\/\/schema.org\",\"@graph\":[{\"@type\":\"Article\",\"@id\":\"https:\/\/www.ausilium.it\/blog\/giornata-mondiale-del-caffe-tutti-i-benefici-che-non-conoscevate\/#article\",\"isPartOf\":{\"@id\":\"https:\/\/www.ausilium.it\/blog\/giornata-mondiale-del-caffe-tutti-i-benefici-che-non-conoscevate\/\"},\"author\":{\"name\":\"Ausilium\",\"@id\":\"https:\/\/www.ausilium.it\/blog\/#\/schema\/person\/1d3201398b847bf23951a394f1414d72\"},\"headline\":\"Giornata mondiale del caff\u00e8: tutti i benefici che non conoscevate\",\"datePublished\":\"2021-10-01T08:00:17+00:00\",\"dateModified\":\"2024-08-22T10:50:54+00:00\",\"mainEntityOfPage\":{\"@id\":\"https:\/\/www.ausilium.it\/blog\/giornata-mondiale-del-caffe-tutti-i-benefici-che-non-conoscevate\/\"},\"wordCount\":375,\"publisher\":{\"@id\":\"https:\/\/www.ausilium.it\/blog\/#organization\"},\"image\":{\"@id\":\"https:\/\/www.ausilium.it\/blog\/giornata-mondiale-del-caffe-tutti-i-benefici-che-non-conoscevate\/#primaryimage\"},\"thumbnailUrl\":\"https:\/\/www.ausilium.it\/blog\/wp-content\/uploads\/2021\/09\/caffe.png\",\"keywords\":[\"alimentazione allattamento\",\"allattamento\",\"caff\u00e8\",\"caffeina\",\"dolci\",\"giornata mondiale del caff\u00e8\",\"gravidanza\",\"guaran\u00e0\",\"integratori\",\"mat\u00e8\",\"tazzine di caff\u00e8\",\"t\u00e8\",\"tisane\"],\"articleSection\":[\"Benessere\",\"Salute\",\"Sport e tempo libero\"],\"inLanguage\":\"it-IT\"},{\"@type\":\"WebPage\",\"@id\":\"https:\/\/www.ausilium.it\/blog\/giornata-mondiale-del-caffe-tutti-i-benefici-che-non-conoscevate\/\",\"url\":\"https:\/\/www.ausilium.it\/blog\/giornata-mondiale-del-caffe-tutti-i-benefici-che-non-conoscevate\/\",\"name\":\"Giornata mondiale del caff\u00e8: tutti i benefici che non conoscevate -\",\"isPartOf\":{\"@id\":\"https:\/\/www.ausilium.it\/blog\/#website\"},\"primaryImageOfPage\":{\"@id\":\"https:\/\/www.ausilium.it\/blog\/giornata-mondiale-del-caffe-tutti-i-benefici-che-non-conoscevate\/#primaryimage\"},\"image\":{\"@id\":\"https:\/\/www.ausilium.it\/blog\/giornata-mondiale-del-caffe-tutti-i-benefici-che-non-conoscevate\/#primaryimage\"},\"thumbnailUrl\":\"https:\/\/www.ausilium.it\/blog\/wp-content\/uploads\/2021\/09\/caffe.png\",\"datePublished\":\"2021-10-01T08:00:17+00:00\",\"dateModified\":\"2024-08-22T10:50:54+00:00\",\"description\":\"Lo amiamo, lo gustiamo, a volte lo temiamo, ma sappiamo quanto fa bene il caff\u00e8? Se non abbiamo problematiche di salute particolari o non viviamo\",\"breadcrumb\":{\"@id\":\"https:\/\/www.ausilium.it\/blog\/giornata-mondiale-del-caffe-tutti-i-benefici-che-non-conoscevate\/#breadcrumb\"},\"inLanguage\":\"it-IT\",\"potentialAction\":[{\"@type\":\"ReadAction\",\"target\":[\"https:\/\/www.ausilium.it\/blog\/giornata-mondiale-del-caffe-tutti-i-benefici-che-non-conoscevate\/\"]}]},{\"@type\":\"ImageObject\",\"inLanguage\":\"it-IT\",\"@id\":\"https:\/\/www.ausilium.it\/blog\/giornata-mondiale-del-caffe-tutti-i-benefici-che-non-conoscevate\/#primaryimage\",\"url\":\"https:\/\/www.ausilium.it\/blog\/wp-content\/uploads\/2021\/09\/caffe.png\",\"contentUrl\":\"https:\/\/www.ausilium.it\/blog\/wp-content\/uploads\/2021\/09\/caffe.png\",\"width\":820,\"height\":312,\"caption\":\"Giornata mondiale del caff\u00e8: tutti i benefici che non conoscevate\"},{\"@type\":\"BreadcrumbList\",\"@id\":\"https:\/\/www.ausilium.it\/blog\/giornata-mondiale-del-caffe-tutti-i-benefici-che-non-conoscevate\/#breadcrumb\",\"itemListElement\":[{\"@type\":\"ListItem\",\"position\":1,\"name\":\"Home\",\"item\":\"https:\/\/www.ausilium.it\/blog\/\"},{\"@type\":\"ListItem\",\"position\":2,\"name\":\"Giornata mondiale del caff\u00e8: tutti i benefici che non conoscevate\"}]},{\"@type\":\"WebSite\",\"@id\":\"https:\/\/www.ausilium.it\/blog\/#website\",\"url\":\"https:\/\/www.ausilium.it\/blog\/\",\"name\":\"Blog \u2013 Ausilium.it\",\"description\":\"Scopri il Blog Salute di Ausilium per ottenere approfondimenti esperti su benessere, consigli medici e migliori prodotti. La tua guida definitiva per una vita sana.\",\"publisher\":{\"@id\":\"https:\/\/www.ausilium.it\/blog\/#organization\"},\"potentialAction\":[{\"@type\":\"SearchAction\",\"target\":{\"@type\":\"EntryPoint\",\"urlTemplate\":\"https:\/\/www.ausilium.it\/blog\/?s={search_term_string}\"},\"query-input\":{\"@type\":\"PropertyValueSpecification\",\"valueRequired\":true,\"valueName\":\"search_term_string\"}}],\"inLanguage\":\"it-IT\"},{\"@type\":\"Organization\",\"@id\":\"https:\/\/www.ausilium.it\/blog\/#organization\",\"name\":\"Blog Ausilium.it\",\"url\":\"https:\/\/www.ausilium.it\/blog\/\",\"logo\":{\"@type\":\"ImageObject\",\"inLanguage\":\"it-IT\",\"@id\":\"https:\/\/www.ausilium.it\/blog\/#\/schema\/logo\/image\/\",\"url\":\"https:\/\/www.ausilium.it\/blog\/wp-content\/uploads\/2021\/12\/cropped-cropped-blog-retina-logo-mobile.png\",\"contentUrl\":\"https:\/\/www.ausilium.it\/blog\/wp-content\/uploads\/2021\/12\/cropped-cropped-blog-retina-logo-mobile.png\",\"width\":280,\"height\":73,\"caption\":\"Blog Ausilium.it\"},\"image\":{\"@id\":\"https:\/\/www.ausilium.it\/blog\/#\/schema\/logo\/image\/\"},\"sameAs\":[\"https:\/\/www.facebook.com\/Ausiliumsrl\/\",\"https:\/\/x.com\/ausilium\",\"https:\/\/www.youtube.com\/user\/Ausilium\/videos\"]},{\"@type\":\"Person\",\"@id\":\"https:\/\/www.ausilium.it\/blog\/#\/schema\/person\/1d3201398b847bf23951a394f1414d72\",\"name\":\"Ausilium\",\"image\":{\"@type\":\"ImageObject\",\"inLanguage\":\"it-IT\",\"@id\":\"https:\/\/www.ausilium.it\/blog\/#\/schema\/person\/image\/\",\"url\":\"https:\/\/www.ausilium.it\/blog\/wp-content\/uploads\/2022\/02\/logo-quadrato-100x100.png\",\"contentUrl\":\"https:\/\/www.ausilium.it\/blog\/wp-content\/uploads\/2022\/02\/logo-quadrato-100x100.png\",\"caption\":\"Ausilium\"},\"url\":\"https:\/\/www.ausilium.it\/blog\/author\/cecilia-grosso\/\"}]}<\/script>\n<!-- \/ Yoast SEO plugin. -->","yoast_head_json":{"title":"Giornata mondiale del caff\u00e8: tutti i benefici che non conoscevate -","description":"Lo amiamo, lo gustiamo, a volte lo temiamo, ma sappiamo quanto fa bene il caff\u00e8? Se non abbiamo problematiche di salute particolari o non viviamo","robots":{"index":"index","follow":"follow","max-snippet":"max-snippet:-1","max-image-preview":"max-image-preview:large","max-video-preview":"max-video-preview:-1"},"canonical":"https:\/\/www.ausilium.it\/blog\/giornata-mondiale-del-caffe-tutti-i-benefici-che-non-conoscevate\/","og_locale":"it_IT","og_type":"article","og_title":"Giornata mondiale del caff\u00e8: tutti i benefici che non conoscevate -","og_description":"Lo amiamo, lo gustiamo, a volte lo temiamo, ma sappiamo quanto fa bene il caff\u00e8? Se non abbiamo problematiche di salute particolari o non viviamo","og_url":"https:\/\/www.ausilium.it\/blog\/giornata-mondiale-del-caffe-tutti-i-benefici-che-non-conoscevate\/","og_site_name":"Blog \u2013 Ausilium.it","article_publisher":"https:\/\/www.facebook.com\/Ausiliumsrl\/","article_published_time":"2021-10-01T08:00:17+00:00","article_modified_time":"2024-08-22T10:50:54+00:00","og_image":[{"width":820,"height":312,"url":"https:\/\/www.ausilium.it\/blog\/wp-content\/uploads\/2021\/09\/caffe.png","type":"image\/png"}],"author":"Ausilium","twitter_card":"summary_large_image","twitter_creator":"@ausilium","twitter_site":"@ausilium","twitter_misc":{"Scritto da":"Ausilium","Tempo di lettura stimato":"3 minuti"},"schema":{"@context":"https:\/\/schema.org","@graph":[{"@type":"Article","@id":"https:\/\/www.ausilium.it\/blog\/giornata-mondiale-del-caffe-tutti-i-benefici-che-non-conoscevate\/#article","isPartOf":{"@id":"https:\/\/www.ausilium.it\/blog\/giornata-mondiale-del-caffe-tutti-i-benefici-che-non-conoscevate\/"},"author":{"name":"Ausilium","@id":"https:\/\/www.ausilium.it\/blog\/#\/schema\/person\/1d3201398b847bf23951a394f1414d72"},"headline":"Giornata mondiale del caff\u00e8: tutti i benefici che non conoscevate","datePublished":"2021-10-01T08:00:17+00:00","dateModified":"2024-08-22T10:50:54+00:00","mainEntityOfPage":{"@id":"https:\/\/www.ausilium.it\/blog\/giornata-mondiale-del-caffe-tutti-i-benefici-che-non-conoscevate\/"},"wordCount":375,"publisher":{"@id":"https:\/\/www.ausilium.it\/blog\/#organization"},"image":{"@id":"https:\/\/www.ausilium.it\/blog\/giornata-mondiale-del-caffe-tutti-i-benefici-che-non-conoscevate\/#primaryimage"},"thumbnailUrl":"https:\/\/www.ausilium.it\/blog\/wp-content\/uploads\/2021\/09\/caffe.png","keywords":["alimentazione allattamento","allattamento","caff\u00e8","caffeina","dolci","giornata mondiale del caff\u00e8","gravidanza","guaran\u00e0","integratori","mat\u00e8","tazzine di caff\u00e8","t\u00e8","tisane"],"articleSection":["Benessere","Salute","Sport e tempo libero"],"inLanguage":"it-IT"},{"@type":"WebPage","@id":"https:\/\/www.ausilium.it\/blog\/giornata-mondiale-del-caffe-tutti-i-benefici-che-non-conoscevate\/","url":"https:\/\/www.ausilium.it\/blog\/giornata-mondiale-del-caffe-tutti-i-benefici-che-non-conoscevate\/","name":"Giornata mondiale del caff\u00e8: tutti i benefici che non conoscevate -","isPartOf":{"@id":"https:\/\/www.ausilium.it\/blog\/#website"},"primaryImageOfPage":{"@id":"https:\/\/www.ausilium.it\/blog\/giornata-mondiale-del-caffe-tutti-i-benefici-che-non-conoscevate\/#primaryimage"},"image":{"@id":"https:\/\/www.ausilium.it\/blog\/giornata-mondiale-del-caffe-tutti-i-benefici-che-non-conoscevate\/#primaryimage"},"thumbnailUrl":"https:\/\/www.ausilium.it\/blog\/wp-content\/uploads\/2021\/09\/caffe.png","datePublished":"2021-10-01T08:00:17+00:00","dateModified":"2024-08-22T10:50:54+00:00","description":"Lo amiamo, lo gustiamo, a volte lo temiamo, ma sappiamo quanto fa bene il caff\u00e8? Se non abbiamo problematiche di salute particolari o non viviamo","breadcrumb":{"@id":"https:\/\/www.ausilium.it\/blog\/giornata-mondiale-del-caffe-tutti-i-benefici-che-non-conoscevate\/#breadcrumb"},"inLanguage":"it-IT","potentialAction":[{"@type":"ReadAction","target":["https:\/\/www.ausilium.it\/blog\/giornata-mondiale-del-caffe-tutti-i-benefici-che-non-conoscevate\/"]}]},{"@type":"ImageObject","inLanguage":"it-IT","@id":"https:\/\/www.ausilium.it\/blog\/giornata-mondiale-del-caffe-tutti-i-benefici-che-non-conoscevate\/#primaryimage","url":"https:\/\/www.ausilium.it\/blog\/wp-content\/uploads\/2021\/09\/caffe.png","contentUrl":"https:\/\/www.ausilium.it\/blog\/wp-content\/uploads\/2021\/09\/caffe.png","width":820,"height":312,"caption":"Giornata mondiale del caff\u00e8: tutti i benefici che non conoscevate"},{"@type":"BreadcrumbList","@id":"https:\/\/www.ausilium.it\/blog\/giornata-mondiale-del-caffe-tutti-i-benefici-che-non-conoscevate\/#breadcrumb","itemListElement":[{"@type":"ListItem","position":1,"name":"Home","item":"https:\/\/www.ausilium.it\/blog\/"},{"@type":"ListItem","position":2,"name":"Giornata mondiale del caff\u00e8: tutti i benefici che non conoscevate"}]},{"@type":"WebSite","@id":"https:\/\/www.ausilium.it\/blog\/#website","url":"https:\/\/www.ausilium.it\/blog\/","name":"Blog \u2013 Ausilium.it","description":"Scopri il Blog Salute di Ausilium per ottenere approfondimenti esperti su benessere, consigli medici e migliori prodotti. La tua guida definitiva per una vita sana.","publisher":{"@id":"https:\/\/www.ausilium.it\/blog\/#organization"},"potentialAction":[{"@type":"SearchAction","target":{"@type":"EntryPoint","urlTemplate":"https:\/\/www.ausilium.it\/blog\/?s={search_term_string}"},"query-input":{"@type":"PropertyValueSpecification","valueRequired":true,"valueName":"search_term_string"}}],"inLanguage":"it-IT"},{"@type":"Organization","@id":"https:\/\/www.ausilium.it\/blog\/#organization","name":"Blog Ausilium.it","url":"https:\/\/www.ausilium.it\/blog\/","logo":{"@type":"ImageObject","inLanguage":"it-IT","@id":"https:\/\/www.ausilium.it\/blog\/#\/schema\/logo\/image\/","url":"https:\/\/www.ausilium.it\/blog\/wp-content\/uploads\/2021\/12\/cropped-cropped-blog-retina-logo-mobile.png","contentUrl":"https:\/\/www.ausilium.it\/blog\/wp-content\/uploads\/2021\/12\/cropped-cropped-blog-retina-logo-mobile.png","width":280,"height":73,"caption":"Blog Ausilium.it"},"image":{"@id":"https:\/\/www.ausilium.it\/blog\/#\/schema\/logo\/image\/"},"sameAs":["https:\/\/www.facebook.com\/Ausiliumsrl\/","https:\/\/x.com\/ausilium","https:\/\/www.youtube.com\/user\/Ausilium\/videos"]},{"@type":"Person","@id":"https:\/\/www.ausilium.it\/blog\/#\/schema\/person\/1d3201398b847bf23951a394f1414d72","name":"Ausilium","image":{"@type":"ImageObject","inLanguage":"it-IT","@id":"https:\/\/www.ausilium.it\/blog\/#\/schema\/person\/image\/","url":"https:\/\/www.ausilium.it\/blog\/wp-content\/uploads\/2022\/02\/logo-quadrato-100x100.png","contentUrl":"https:\/\/www.ausilium.it\/blog\/wp-content\/uploads\/2022\/02\/logo-quadrato-100x100.png","caption":"Ausilium"},"url":"https:\/\/www.ausilium.it\/blog\/author\/cecilia-grosso\/"}]}},"amp_enabled":true,"_links":{"self":[{"href":"https:\/\/www.ausilium.it\/blog\/wp-json\/wp\/v2\/posts\/8091"}],"collection":[{"href":"https:\/\/www.ausilium.it\/blog\/wp-json\/wp\/v2\/posts"}],"about":[{"href":"https:\/\/www.ausilium.it\/blog\/wp-json\/wp\/v2\/types\/post"}],"author":[{"embeddable":true,"href":"https:\/\/www.ausilium.it\/blog\/wp-json\/wp\/v2\/users\/8"}],"replies":[{"embeddable":true,"href":"https:\/\/www.ausilium.it\/blog\/wp-json\/wp\/v2\/comments?post=8091"}],"version-history":[{"count":4,"href":"https:\/\/www.ausilium.it\/blog\/wp-json\/wp\/v2\/posts\/8091\/revisions"}],"predecessor-version":[{"id":9627,"href":"https:\/\/www.ausilium.it\/blog\/wp-json\/wp\/v2\/posts\/8091\/revisions\/9627"}],"wp:featuredmedia":[{"embeddable":true,"href":"https:\/\/www.ausilium.it\/blog\/wp-json\/wp\/v2\/media\/8092"}],"wp:attachment":[{"href":"https:\/\/www.ausilium.it\/blog\/wp-json\/wp\/v2\/media?parent=8091"}],"wp:term":[{"taxonomy":"category","embeddable":true,"href":"https:\/\/www.ausilium.it\/blog\/wp-json\/wp\/v2\/categories?post=8091"},{"taxonomy":"post_tag","embeddable":true,"href":"https:\/\/www.ausilium.it\/blog\/wp-json\/wp\/v2\/tags?post=8091"}],"curies":[{"name":"wp","href":"https:\/\/api.w.org\/{rel}","templated":true}]}}