{"id":8078,"date":"2021-08-20T10:30:51","date_gmt":"2021-08-20T08:30:51","guid":{"rendered":"https:\/\/blog.ausilium.it\/?p=8078"},"modified":"2024-08-06T10:59:03","modified_gmt":"2024-08-06T08:59:03","slug":"paralimpiadi-tokyo-2020-sport-competizione-e-disabilita","status":"publish","type":"post","link":"https:\/\/www.ausilium.it\/blog\/paralimpiadi-tokyo-2020-sport-competizione-e-disabilita\/","title":{"rendered":"Paralimpiadi Tokyo 2020: sport, competizione e disabilit\u00e0"},"content":{"rendered":"<h3><span style=\"font-weight: 400;\">Sport e competizione resi possibili grazie agli ausili specialistici<\/span><\/h3>\n<p><span style=\"font-weight: 400;\">Il connubio tra sport e disabilit\u00e0 trover\u00e0 la sua vetrina nelle paralimpiadi di Tokyo 2020. <\/span><span style=\"font-weight: 400;\"><strong>Dal 24 agosto al 5 settembre 2021 <\/strong><\/span><a href=\"http:\/\/www.comitatoparalimpico.it\/\"><span style=\"font-weight: 400;\">la squadra italiana<\/span><\/a> <span style=\"font-weight: 400;\">si presenter\u00e0 pronta, anzi agguerrita, testimonial di fatiche personali e di gruppo che <\/span><b>attrae sempre pi\u00f9 praticanti<\/b><span style=\"font-weight: 400;\">.\u00a0<\/span><\/p>\n<p><span style=\"font-weight: 400;\">La compagine italiana di questa edizione sar\u00e0 la pi\u00f9 numerosa di sempre. Il numero delle donne presenti in gara superer\u00e0 quello delle presenze maschili: della squadra paralimpica italiana fanno parte <\/span>infatti<b> 61 donne e 51 uomini<\/b><span style=\"font-weight: 400;\">.<\/span><\/p>\n<h4><b>Sport e disabilit\u00e0, competizione e libert\u00e0 di eccellere<\/b><\/h4>\n<p><span style=\"font-weight: 400;\">S\u00ec allo <\/span><a href=\"https:\/\/blog.ausilium.it\/giornata-mondiale-dello-sport-come-scegliere-quello-adatto-a-noi\/\"><b>sport con disabilit\u00e0<\/b><\/a> e s\u00ec anche all&#8217;agonismo<span style=\"font-weight: 400;\"> per chi ha voglia di mettersi in gioco e di eccellere. Oggi un animo sportivo ha innumerevoli possibilit\u00e0 di mettere alla prova il proprio corpo e le proprie abilit\u00e0.<\/span><\/p>\n<p><span style=\"font-weight: 400;\">Dal basket alla scherma, dal tennis tavolo al canottaggio, sono numerosi gli sport da poter praticare in libert\u00e0 e sicurezza. E sono ben 22 le discipline paralimpiche riconosciute ai Giochi.<\/span><\/p>\n<h4><b>Sport e disabilit\u00e0 grazie a carrozzine e strumenti specifici<\/b><\/h4>\n<p><span style=\"font-weight: 400;\">Molte discipline sportive praticate da atleti con disabilit\u00e0 si avvalgono del supporto indispensabile di <\/span><a href=\"https:\/\/www.ausilium.it\/carrozzine-sportive.htm\"><span style=\"font-weight: 400;\">ausili specificamente progettati<\/span><\/a><span style=\"font-weight: 400;\"> per lo sport. Questa \u00e8 una grande opportunit\u00e0 a disposizione di chiunque voglia <\/span><b>praticare sport fin da giovane<\/b><span style=\"font-weight: 400;\">.<\/span><\/p>\n<p><span style=\"font-weight: 400;\">Le vittorie della meravigliosa Bebe Vio sono possibili anche grazie all\u2019uso di specifici ausili. Osservando una <\/span><span style=\"font-weight: 400;\">carrozzina per la scherma<\/span><span style=\"font-weight: 400;\"> notiamo subito le particolarit\u00e0<\/span><span style=\"font-weight: 400;\">: il telaio \u00e8 in alluminio, versatile ed elastico, e la carrozzina \u00e8 prevista per essere adattata ad utenti mancini e destri. Anche lo schienale, la pedana e il maniglione sono regolabili in altezza.\u00a0<\/span><\/p>\n<p><span style=\"font-weight: 400;\">Progettata tenendo in considerazione non solo il design, ma soprattutto <\/span><b>la robustezza e le esigenze degli Atleti<\/b><span style=\"font-weight: 400;\">. \u00c8 costruita interamente su misura ed \u00e8 ideale sia per Atleti che si affacciano a questo sport sia per i professionisti.<\/span><\/p>\n<p><span style=\"font-weight: 400;\">Allo stesso modo sono inconfondibili le <\/span><span style=\"font-weight: 400;\">carrozzine disabili da basket<\/span><span style=\"font-weight: 400;\">. Sono infatti realizzate su misura, in lega leggera, e consentono la regolazione dell&#8217;asse delle ruote posteriori per trovare il giusto baricentro dell&#8217;atleta. <\/span><b>Sono estremamente agili e sensibili ai cambi di direzione<\/b><span style=\"font-weight: 400;\">, \u00e8 particolarmente indicata per atleti che si affacciano a questo sport. Disponibile con ruote da 24&#8242;, 26&#8242; e 28&#8242;. Assist 2 pu\u00f2 anche essere richiesta con o senza arco anteriore di difesa e con schienale abbattibile per un facile trasporto. Ed \u00e8 disponibile anche con ruote Spinergy. \u00a0<\/span><\/p>\n","protected":false},"excerpt":{"rendered":"<p>Sport e competizione resi possibili grazie agli ausili specialistici Il connubio tra sport e disabilit\u00e0 trover\u00e0 la sua vetrina nelle [&hellip;]<\/p>\n","protected":false},"author":8,"featured_media":8079,"comment_status":"closed","ping_status":"open","sticky":false,"template":"","format":"standard","meta":{"_acf_changed":false,"site-sidebar-layout":"default","site-content-layout":"","ast-site-content-layout":"default","site-content-style":"default","site-sidebar-style":"default","ast-global-header-display":"","ast-banner-title-visibility":"","ast-main-header-display":"","ast-hfb-above-header-display":"","ast-hfb-below-header-display":"","ast-hfb-mobile-header-display":"","site-post-title":"","ast-breadcrumbs-content":"","ast-featured-img":"","footer-sml-layout":"","theme-transparent-header-meta":"default","adv-header-id-meta":"","stick-header-meta":"","header-above-stick-meta":"","header-main-stick-meta":"","header-below-stick-meta":"","astra-migrate-meta-layouts":"set","ast-page-background-enabled":"default","ast-page-background-meta":{"desktop":{"background-color":"var(--ast-global-color-4)","background-image":"","background-repeat":"repeat","background-position":"center center","background-size":"auto","background-attachment":"scroll","background-type":"","background-media":"","overlay-type":"","overlay-color":"","overlay-opacity":"","overlay-gradient":""},"tablet":{"background-color":"","background-image":"","background-repeat":"repeat","background-position":"center center","background-size":"auto","background-attachment":"scroll","background-type":"","background-media":"","overlay-type":"","overlay-color":"","overlay-opacity":"","overlay-gradient":""},"mobile":{"background-color":"","background-image":"","background-repeat":"repeat","background-position":"center center","background-size":"auto","background-attachment":"scroll","background-type":"","background-media":"","overlay-type":"","overlay-color":"","overlay-opacity":"","overlay-gradient":""}},"ast-content-background-meta":{"desktop":{"background-color":"var(--ast-global-color-5)","background-image":"","background-repeat":"repeat","background-position":"center center","background-size":"auto","background-attachment":"scroll","background-type":"","background-media":"","overlay-type":"","overlay-color":"","overlay-opacity":"","overlay-gradient":""},"tablet":{"background-color":"var(--ast-global-color-5)","background-image":"","background-repeat":"repeat","background-position":"center center","background-size":"auto","background-attachment":"scroll","background-type":"","background-media":"","overlay-type":"","overlay-color":"","overlay-opacity":"","overlay-gradient":""},"mobile":{"background-color":"var(--ast-global-color-5)","background-image":"","background-repeat":"repeat","background-position":"center center","background-size":"auto","background-attachment":"scroll","background-type":"","background-media":"","overlay-type":"","overlay-color":"","overlay-opacity":"","overlay-gradient":""}},"footnotes":""},"categories":[17,1189],"tags":[109,839,947,143,945,110,948,946],"class_list":["post-8078","post","type-post","status-publish","format-standard","has-post-thumbnail","hentry","category-disabili-e-anziani","category-sport-e-tempo-libero","tag-atleti","tag-attivita-sportive","tag-competizione","tag-disabilita","tag-paralimpiadi","tag-sport","tag-sport-e-disabilita","tag-tokyo2020"],"acf":[],"yoast_head":"<!-- This site is optimized with the Yoast SEO plugin v25.5 - https:\/\/yoast.com\/wordpress\/plugins\/seo\/ -->\n<title>Paralimpiadi Tokyo 2020: sport, competizione e disabilit\u00e0 -<\/title>\n<meta name=\"description\" content=\"Sport e competizione resi possibili grazie agli ausili specialistici Il connubio tra sport e disabilit\u00e0 trover\u00e0 la sua vetrina nelle paralimpiadi di Tokyo\" \/>\n<meta name=\"robots\" content=\"index, follow, max-snippet:-1, max-image-preview:large, max-video-preview:-1\" \/>\n<link rel=\"canonical\" href=\"https:\/\/www.ausilium.it\/blog\/paralimpiadi-tokyo-2020-sport-competizione-e-disabilita\/\" \/>\n<meta property=\"og:locale\" content=\"it_IT\" \/>\n<meta property=\"og:type\" content=\"article\" \/>\n<meta property=\"og:title\" content=\"Paralimpiadi Tokyo 2020: sport, competizione e disabilit\u00e0 -\" \/>\n<meta property=\"og:description\" content=\"Sport e competizione resi possibili grazie agli ausili specialistici Il connubio tra sport e disabilit\u00e0 trover\u00e0 la sua vetrina nelle paralimpiadi di Tokyo\" \/>\n<meta property=\"og:url\" content=\"https:\/\/www.ausilium.it\/blog\/paralimpiadi-tokyo-2020-sport-competizione-e-disabilita\/\" \/>\n<meta property=\"og:site_name\" content=\"Blog \u2013 Ausilium.it\" \/>\n<meta property=\"article:publisher\" content=\"https:\/\/www.facebook.com\/Ausiliumsrl\/\" \/>\n<meta property=\"article:published_time\" content=\"2021-08-20T08:30:51+00:00\" \/>\n<meta property=\"article:modified_time\" content=\"2024-08-06T08:59:03+00:00\" \/>\n<meta property=\"og:image\" content=\"https:\/\/www.ausilium.it\/blog\/wp-content\/uploads\/2021\/08\/Immagini-blog.png\" \/>\n\t<meta property=\"og:image:width\" content=\"820\" \/>\n\t<meta property=\"og:image:height\" content=\"312\" \/>\n\t<meta property=\"og:image:type\" content=\"image\/png\" \/>\n<meta name=\"author\" content=\"Ausilium\" \/>\n<meta name=\"twitter:card\" content=\"summary_large_image\" \/>\n<meta name=\"twitter:creator\" content=\"@ausilium\" \/>\n<meta name=\"twitter:site\" content=\"@ausilium\" \/>\n<meta name=\"twitter:label1\" content=\"Scritto da\" \/>\n\t<meta name=\"twitter:data1\" content=\"Ausilium\" \/>\n\t<meta name=\"twitter:label2\" content=\"Tempo di lettura stimato\" \/>\n\t<meta name=\"twitter:data2\" content=\"3 minuti\" \/>\n<script type=\"application\/ld+json\" class=\"yoast-schema-graph\">{\"@context\":\"https:\/\/schema.org\",\"@graph\":[{\"@type\":\"Article\",\"@id\":\"https:\/\/www.ausilium.it\/blog\/paralimpiadi-tokyo-2020-sport-competizione-e-disabilita\/#article\",\"isPartOf\":{\"@id\":\"https:\/\/www.ausilium.it\/blog\/paralimpiadi-tokyo-2020-sport-competizione-e-disabilita\/\"},\"author\":{\"name\":\"Ausilium\",\"@id\":\"https:\/\/www.ausilium.it\/blog\/#\/schema\/person\/1d3201398b847bf23951a394f1414d72\"},\"headline\":\"Paralimpiadi Tokyo 2020: sport, competizione e disabilit\u00e0\",\"datePublished\":\"2021-08-20T08:30:51+00:00\",\"dateModified\":\"2024-08-06T08:59:03+00:00\",\"mainEntityOfPage\":{\"@id\":\"https:\/\/www.ausilium.it\/blog\/paralimpiadi-tokyo-2020-sport-competizione-e-disabilita\/\"},\"wordCount\":382,\"publisher\":{\"@id\":\"https:\/\/www.ausilium.it\/blog\/#organization\"},\"image\":{\"@id\":\"https:\/\/www.ausilium.it\/blog\/paralimpiadi-tokyo-2020-sport-competizione-e-disabilita\/#primaryimage\"},\"thumbnailUrl\":\"https:\/\/www.ausilium.it\/blog\/wp-content\/uploads\/2021\/08\/Immagini-blog.png\",\"keywords\":[\"atleti\",\"attivit\u00e0 sportive\",\"competizione\",\"disabilit\u00e0\",\"paralimpiadi\",\"sport\",\"sport e disabilit\u00e0\",\"tokyo2020\"],\"articleSection\":[\"Disabili e Anziani\",\"Sport e tempo libero\"],\"inLanguage\":\"it-IT\"},{\"@type\":\"WebPage\",\"@id\":\"https:\/\/www.ausilium.it\/blog\/paralimpiadi-tokyo-2020-sport-competizione-e-disabilita\/\",\"url\":\"https:\/\/www.ausilium.it\/blog\/paralimpiadi-tokyo-2020-sport-competizione-e-disabilita\/\",\"name\":\"Paralimpiadi Tokyo 2020: sport, competizione e disabilit\u00e0 -\",\"isPartOf\":{\"@id\":\"https:\/\/www.ausilium.it\/blog\/#website\"},\"primaryImageOfPage\":{\"@id\":\"https:\/\/www.ausilium.it\/blog\/paralimpiadi-tokyo-2020-sport-competizione-e-disabilita\/#primaryimage\"},\"image\":{\"@id\":\"https:\/\/www.ausilium.it\/blog\/paralimpiadi-tokyo-2020-sport-competizione-e-disabilita\/#primaryimage\"},\"thumbnailUrl\":\"https:\/\/www.ausilium.it\/blog\/wp-content\/uploads\/2021\/08\/Immagini-blog.png\",\"datePublished\":\"2021-08-20T08:30:51+00:00\",\"dateModified\":\"2024-08-06T08:59:03+00:00\",\"description\":\"Sport e competizione resi possibili grazie agli ausili specialistici Il connubio tra sport e disabilit\u00e0 trover\u00e0 la sua vetrina nelle paralimpiadi di Tokyo\",\"breadcrumb\":{\"@id\":\"https:\/\/www.ausilium.it\/blog\/paralimpiadi-tokyo-2020-sport-competizione-e-disabilita\/#breadcrumb\"},\"inLanguage\":\"it-IT\",\"potentialAction\":[{\"@type\":\"ReadAction\",\"target\":[\"https:\/\/www.ausilium.it\/blog\/paralimpiadi-tokyo-2020-sport-competizione-e-disabilita\/\"]}]},{\"@type\":\"ImageObject\",\"inLanguage\":\"it-IT\",\"@id\":\"https:\/\/www.ausilium.it\/blog\/paralimpiadi-tokyo-2020-sport-competizione-e-disabilita\/#primaryimage\",\"url\":\"https:\/\/www.ausilium.it\/blog\/wp-content\/uploads\/2021\/08\/Immagini-blog.png\",\"contentUrl\":\"https:\/\/www.ausilium.it\/blog\/wp-content\/uploads\/2021\/08\/Immagini-blog.png\",\"width\":820,\"height\":312},{\"@type\":\"BreadcrumbList\",\"@id\":\"https:\/\/www.ausilium.it\/blog\/paralimpiadi-tokyo-2020-sport-competizione-e-disabilita\/#breadcrumb\",\"itemListElement\":[{\"@type\":\"ListItem\",\"position\":1,\"name\":\"Home\",\"item\":\"https:\/\/www.ausilium.it\/blog\/\"},{\"@type\":\"ListItem\",\"position\":2,\"name\":\"Paralimpiadi Tokyo 2020: sport, competizione e disabilit\u00e0\"}]},{\"@type\":\"WebSite\",\"@id\":\"https:\/\/www.ausilium.it\/blog\/#website\",\"url\":\"https:\/\/www.ausilium.it\/blog\/\",\"name\":\"Blog \u2013 Ausilium.it\",\"description\":\"Scopri il Blog Salute di Ausilium per ottenere approfondimenti esperti su benessere, consigli medici e migliori prodotti. La tua guida definitiva per una vita sana.\",\"publisher\":{\"@id\":\"https:\/\/www.ausilium.it\/blog\/#organization\"},\"potentialAction\":[{\"@type\":\"SearchAction\",\"target\":{\"@type\":\"EntryPoint\",\"urlTemplate\":\"https:\/\/www.ausilium.it\/blog\/?s={search_term_string}\"},\"query-input\":{\"@type\":\"PropertyValueSpecification\",\"valueRequired\":true,\"valueName\":\"search_term_string\"}}],\"inLanguage\":\"it-IT\"},{\"@type\":\"Organization\",\"@id\":\"https:\/\/www.ausilium.it\/blog\/#organization\",\"name\":\"Blog Ausilium.it\",\"url\":\"https:\/\/www.ausilium.it\/blog\/\",\"logo\":{\"@type\":\"ImageObject\",\"inLanguage\":\"it-IT\",\"@id\":\"https:\/\/www.ausilium.it\/blog\/#\/schema\/logo\/image\/\",\"url\":\"https:\/\/www.ausilium.it\/blog\/wp-content\/uploads\/2021\/12\/cropped-cropped-blog-retina-logo-mobile.png\",\"contentUrl\":\"https:\/\/www.ausilium.it\/blog\/wp-content\/uploads\/2021\/12\/cropped-cropped-blog-retina-logo-mobile.png\",\"width\":280,\"height\":73,\"caption\":\"Blog Ausilium.it\"},\"image\":{\"@id\":\"https:\/\/www.ausilium.it\/blog\/#\/schema\/logo\/image\/\"},\"sameAs\":[\"https:\/\/www.facebook.com\/Ausiliumsrl\/\",\"https:\/\/x.com\/ausilium\",\"https:\/\/www.youtube.com\/user\/Ausilium\/videos\"]},{\"@type\":\"Person\",\"@id\":\"https:\/\/www.ausilium.it\/blog\/#\/schema\/person\/1d3201398b847bf23951a394f1414d72\",\"name\":\"Ausilium\",\"image\":{\"@type\":\"ImageObject\",\"inLanguage\":\"it-IT\",\"@id\":\"https:\/\/www.ausilium.it\/blog\/#\/schema\/person\/image\/\",\"url\":\"https:\/\/www.ausilium.it\/blog\/wp-content\/uploads\/2022\/02\/logo-quadrato-100x100.png\",\"contentUrl\":\"https:\/\/www.ausilium.it\/blog\/wp-content\/uploads\/2022\/02\/logo-quadrato-100x100.png\",\"caption\":\"Ausilium\"},\"url\":\"https:\/\/www.ausilium.it\/blog\/author\/cecilia-grosso\/\"}]}<\/script>\n<!-- \/ Yoast SEO plugin. -->","yoast_head_json":{"title":"Paralimpiadi Tokyo 2020: sport, competizione e disabilit\u00e0 -","description":"Sport e competizione resi possibili grazie agli ausili specialistici Il connubio tra sport e disabilit\u00e0 trover\u00e0 la sua vetrina nelle paralimpiadi di Tokyo","robots":{"index":"index","follow":"follow","max-snippet":"max-snippet:-1","max-image-preview":"max-image-preview:large","max-video-preview":"max-video-preview:-1"},"canonical":"https:\/\/www.ausilium.it\/blog\/paralimpiadi-tokyo-2020-sport-competizione-e-disabilita\/","og_locale":"it_IT","og_type":"article","og_title":"Paralimpiadi Tokyo 2020: sport, competizione e disabilit\u00e0 -","og_description":"Sport e competizione resi possibili grazie agli ausili specialistici Il connubio tra sport e disabilit\u00e0 trover\u00e0 la sua vetrina nelle paralimpiadi di Tokyo","og_url":"https:\/\/www.ausilium.it\/blog\/paralimpiadi-tokyo-2020-sport-competizione-e-disabilita\/","og_site_name":"Blog \u2013 Ausilium.it","article_publisher":"https:\/\/www.facebook.com\/Ausiliumsrl\/","article_published_time":"2021-08-20T08:30:51+00:00","article_modified_time":"2024-08-06T08:59:03+00:00","og_image":[{"width":820,"height":312,"url":"https:\/\/www.ausilium.it\/blog\/wp-content\/uploads\/2021\/08\/Immagini-blog.png","type":"image\/png"}],"author":"Ausilium","twitter_card":"summary_large_image","twitter_creator":"@ausilium","twitter_site":"@ausilium","twitter_misc":{"Scritto da":"Ausilium","Tempo di lettura stimato":"3 minuti"},"schema":{"@context":"https:\/\/schema.org","@graph":[{"@type":"Article","@id":"https:\/\/www.ausilium.it\/blog\/paralimpiadi-tokyo-2020-sport-competizione-e-disabilita\/#article","isPartOf":{"@id":"https:\/\/www.ausilium.it\/blog\/paralimpiadi-tokyo-2020-sport-competizione-e-disabilita\/"},"author":{"name":"Ausilium","@id":"https:\/\/www.ausilium.it\/blog\/#\/schema\/person\/1d3201398b847bf23951a394f1414d72"},"headline":"Paralimpiadi Tokyo 2020: sport, competizione e disabilit\u00e0","datePublished":"2021-08-20T08:30:51+00:00","dateModified":"2024-08-06T08:59:03+00:00","mainEntityOfPage":{"@id":"https:\/\/www.ausilium.it\/blog\/paralimpiadi-tokyo-2020-sport-competizione-e-disabilita\/"},"wordCount":382,"publisher":{"@id":"https:\/\/www.ausilium.it\/blog\/#organization"},"image":{"@id":"https:\/\/www.ausilium.it\/blog\/paralimpiadi-tokyo-2020-sport-competizione-e-disabilita\/#primaryimage"},"thumbnailUrl":"https:\/\/www.ausilium.it\/blog\/wp-content\/uploads\/2021\/08\/Immagini-blog.png","keywords":["atleti","attivit\u00e0 sportive","competizione","disabilit\u00e0","paralimpiadi","sport","sport e disabilit\u00e0","tokyo2020"],"articleSection":["Disabili e Anziani","Sport e tempo libero"],"inLanguage":"it-IT"},{"@type":"WebPage","@id":"https:\/\/www.ausilium.it\/blog\/paralimpiadi-tokyo-2020-sport-competizione-e-disabilita\/","url":"https:\/\/www.ausilium.it\/blog\/paralimpiadi-tokyo-2020-sport-competizione-e-disabilita\/","name":"Paralimpiadi Tokyo 2020: sport, competizione e disabilit\u00e0 -","isPartOf":{"@id":"https:\/\/www.ausilium.it\/blog\/#website"},"primaryImageOfPage":{"@id":"https:\/\/www.ausilium.it\/blog\/paralimpiadi-tokyo-2020-sport-competizione-e-disabilita\/#primaryimage"},"image":{"@id":"https:\/\/www.ausilium.it\/blog\/paralimpiadi-tokyo-2020-sport-competizione-e-disabilita\/#primaryimage"},"thumbnailUrl":"https:\/\/www.ausilium.it\/blog\/wp-content\/uploads\/2021\/08\/Immagini-blog.png","datePublished":"2021-08-20T08:30:51+00:00","dateModified":"2024-08-06T08:59:03+00:00","description":"Sport e competizione resi possibili grazie agli ausili specialistici Il connubio tra sport e disabilit\u00e0 trover\u00e0 la sua vetrina nelle paralimpiadi di Tokyo","breadcrumb":{"@id":"https:\/\/www.ausilium.it\/blog\/paralimpiadi-tokyo-2020-sport-competizione-e-disabilita\/#breadcrumb"},"inLanguage":"it-IT","potentialAction":[{"@type":"ReadAction","target":["https:\/\/www.ausilium.it\/blog\/paralimpiadi-tokyo-2020-sport-competizione-e-disabilita\/"]}]},{"@type":"ImageObject","inLanguage":"it-IT","@id":"https:\/\/www.ausilium.it\/blog\/paralimpiadi-tokyo-2020-sport-competizione-e-disabilita\/#primaryimage","url":"https:\/\/www.ausilium.it\/blog\/wp-content\/uploads\/2021\/08\/Immagini-blog.png","contentUrl":"https:\/\/www.ausilium.it\/blog\/wp-content\/uploads\/2021\/08\/Immagini-blog.png","width":820,"height":312},{"@type":"BreadcrumbList","@id":"https:\/\/www.ausilium.it\/blog\/paralimpiadi-tokyo-2020-sport-competizione-e-disabilita\/#breadcrumb","itemListElement":[{"@type":"ListItem","position":1,"name":"Home","item":"https:\/\/www.ausilium.it\/blog\/"},{"@type":"ListItem","position":2,"name":"Paralimpiadi Tokyo 2020: sport, competizione e disabilit\u00e0"}]},{"@type":"WebSite","@id":"https:\/\/www.ausilium.it\/blog\/#website","url":"https:\/\/www.ausilium.it\/blog\/","name":"Blog \u2013 Ausilium.it","description":"Scopri il Blog Salute di Ausilium per ottenere approfondimenti esperti su benessere, consigli medici e migliori prodotti. La tua guida definitiva per una vita sana.","publisher":{"@id":"https:\/\/www.ausilium.it\/blog\/#organization"},"potentialAction":[{"@type":"SearchAction","target":{"@type":"EntryPoint","urlTemplate":"https:\/\/www.ausilium.it\/blog\/?s={search_term_string}"},"query-input":{"@type":"PropertyValueSpecification","valueRequired":true,"valueName":"search_term_string"}}],"inLanguage":"it-IT"},{"@type":"Organization","@id":"https:\/\/www.ausilium.it\/blog\/#organization","name":"Blog Ausilium.it","url":"https:\/\/www.ausilium.it\/blog\/","logo":{"@type":"ImageObject","inLanguage":"it-IT","@id":"https:\/\/www.ausilium.it\/blog\/#\/schema\/logo\/image\/","url":"https:\/\/www.ausilium.it\/blog\/wp-content\/uploads\/2021\/12\/cropped-cropped-blog-retina-logo-mobile.png","contentUrl":"https:\/\/www.ausilium.it\/blog\/wp-content\/uploads\/2021\/12\/cropped-cropped-blog-retina-logo-mobile.png","width":280,"height":73,"caption":"Blog Ausilium.it"},"image":{"@id":"https:\/\/www.ausilium.it\/blog\/#\/schema\/logo\/image\/"},"sameAs":["https:\/\/www.facebook.com\/Ausiliumsrl\/","https:\/\/x.com\/ausilium","https:\/\/www.youtube.com\/user\/Ausilium\/videos"]},{"@type":"Person","@id":"https:\/\/www.ausilium.it\/blog\/#\/schema\/person\/1d3201398b847bf23951a394f1414d72","name":"Ausilium","image":{"@type":"ImageObject","inLanguage":"it-IT","@id":"https:\/\/www.ausilium.it\/blog\/#\/schema\/person\/image\/","url":"https:\/\/www.ausilium.it\/blog\/wp-content\/uploads\/2022\/02\/logo-quadrato-100x100.png","contentUrl":"https:\/\/www.ausilium.it\/blog\/wp-content\/uploads\/2022\/02\/logo-quadrato-100x100.png","caption":"Ausilium"},"url":"https:\/\/www.ausilium.it\/blog\/author\/cecilia-grosso\/"}]}},"amp_enabled":true,"_links":{"self":[{"href":"https:\/\/www.ausilium.it\/blog\/wp-json\/wp\/v2\/posts\/8078"}],"collection":[{"href":"https:\/\/www.ausilium.it\/blog\/wp-json\/wp\/v2\/posts"}],"about":[{"href":"https:\/\/www.ausilium.it\/blog\/wp-json\/wp\/v2\/types\/post"}],"author":[{"embeddable":true,"href":"https:\/\/www.ausilium.it\/blog\/wp-json\/wp\/v2\/users\/8"}],"replies":[{"embeddable":true,"href":"https:\/\/www.ausilium.it\/blog\/wp-json\/wp\/v2\/comments?post=8078"}],"version-history":[{"count":4,"href":"https:\/\/www.ausilium.it\/blog\/wp-json\/wp\/v2\/posts\/8078\/revisions"}],"predecessor-version":[{"id":9515,"href":"https:\/\/www.ausilium.it\/blog\/wp-json\/wp\/v2\/posts\/8078\/revisions\/9515"}],"wp:featuredmedia":[{"embeddable":true,"href":"https:\/\/www.ausilium.it\/blog\/wp-json\/wp\/v2\/media\/8079"}],"wp:attachment":[{"href":"https:\/\/www.ausilium.it\/blog\/wp-json\/wp\/v2\/media?parent=8078"}],"wp:term":[{"taxonomy":"category","embeddable":true,"href":"https:\/\/www.ausilium.it\/blog\/wp-json\/wp\/v2\/categories?post=8078"},{"taxonomy":"post_tag","embeddable":true,"href":"https:\/\/www.ausilium.it\/blog\/wp-json\/wp\/v2\/tags?post=8078"}],"curies":[{"name":"wp","href":"https:\/\/api.w.org\/{rel}","templated":true}]}}