{"id":8061,"date":"2021-08-11T10:30:51","date_gmt":"2021-08-11T08:30:51","guid":{"rendered":"https:\/\/blog.ausilium.it\/?p=8061"},"modified":"2022-11-22T12:49:47","modified_gmt":"2022-11-22T11:49:47","slug":"letture-sotto-lombrellone-libri-sulla-disabilita","status":"publish","type":"post","link":"https:\/\/www.ausilium.it\/blog\/letture-sotto-lombrellone-libri-sulla-disabilita\/","title":{"rendered":"Letture sotto l\u2019ombrellone: libri sulla disabilit\u00e0"},"content":{"rendered":"<h3><b>Libri sulla disabilit\u00e0 per riflettere, per sorridere, per farci compagnia.<\/b><\/h3>\n<p><span style=\"font-weight: 400;\">Chi non approfitta delle vacanze e dell\u2019estate per leggere di pi\u00f9? E perch\u00e9 non leggere qualche libro che parli di disabilit\u00e0? <\/span><span style=\"font-weight: 400;\">Impariamo a conoscere la disabilit\u00e0 tramite storie che la mettono come protagonista e possono aiutarci a comprenderla. <\/span><\/p>\n<h4><b>Libri sulla disabilit\u00e0 per tutte le et\u00e0 e tutti i generi<\/b><\/h4>\n<p><b>Stimolanti, appassionanti, riflessivi<\/b><span style=\"font-weight: 400;\">. Sono molti i libri sulla disabilit\u00e0 che possono appassionare il pubblico pi\u00f9 vario e sono un ottimo strumento per invitare anche i pi\u00f9 giovani a riflettere abbandonando pregiudizi e paure.<\/span><\/p>\n<h4><b>Qualche idea?<\/b><\/h4>\n<ul>\n<li style=\"font-weight: 400;\" aria-level=\"1\"><b>Colpa delle stelle<\/b><span style=\"font-weight: 400;\">, di John Green \u2013<\/span><span style=\"font-weight: 400;\">\u00a0\u00c8 stato pubblicato nel 2012. Si tratta di un romanzo principalmente <\/span><b>rivolto ad un pubblico giovane <\/b><span style=\"font-weight: 400;\">perch\u00e9 i protagonisti sono due ragazzi, ma <\/span><b>ha appassionato anche milioni di adulti <\/b>diventando anche un film.<\/li>\n<li style=\"font-weight: 400;\" aria-level=\"1\"><b>Io penso diverso, <\/b><span style=\"font-weight: 400;\">di Josef Schovanec \u2013 Il protagonista \u00e8 lo stesso autore. Affetto dalla sindrome di Asperger, Schovanec parla diverse lingue e insegna filosofia.<\/span><\/li>\n<li style=\"font-weight: 400;\" aria-level=\"1\"><b>Lo strano caso del cane ucciso a mezzanotte, <\/b><span style=\"font-weight: 400;\">di Mark Haddon \u2013 non \u00e8 una novit\u00e0, ma mantiene il successo che ebbe alla pubblicazione nel 2003, con lo stesso sapore del thriller.<\/span><\/li>\n<li style=\"font-weight: 400;\" aria-level=\"1\"><b>Vedere con il cuore, <\/b><span style=\"font-weight: 400;\">di Sabriye Tenberken \u2013 Se vi piace l\u2019avventura vi innamorerete della protagonista. \u00c8 la storia dell\u2019autrice, laureata in Tibetologia, che ha brevettato un sistema per adattare il Braille alla lingua tibetana e aiutare cos\u00ec i non vedenti come lei.<\/span><\/li>\n<li style=\"font-weight: 400;\" aria-level=\"1\"><b>Il pesce che scese dall\u2019albero<\/b><span style=\"font-weight: 400;\">, di Francesco Riva \u2013 La storia appassionante di Francesco, bambino dislessico che viene aiutato dalla maestra ad apprendere in maniera alternativa, ovvero tramite l&#8217;ascolto, e riesce ad entrare in accademia teatrale.<\/span><\/li>\n<li style=\"font-weight: 400;\" aria-level=\"1\"><b>Leggera come una piuma. Il mondo di Bea,<\/b><span style=\"font-weight: 400;\"> di Sara Fiorentino \u2013 Beatrice \u00e8 una bimba affetta da una malattia rara che propone a ciascuno una prospettiva diversa della vita: <\/span><a href=\"https:\/\/www.ausilium.it\/mobilita.htm\"><b>anche con una carrozzina si pu\u00f2 volare<\/b><\/a><b>, soprattutto con la fantasia<\/b><span style=\"font-weight: 400;\">.<\/span><\/li>\n<\/ul>\n<p>Le vacanze, oltre che un <strong>momento di spensieratezza<\/strong>, possono essere anche un <strong>momento di crescita interiore<\/strong>.<\/p>\n<p>Buona lettura quindi e ricordiamoci sempre di mettere nella borsa da spiaggia, oltre alle<span style=\"font-weight: 400;\">\u00a0<\/span><a href=\"https:\/\/www.ausilium.it\/creme-solari.htm\"><span style=\"font-weight: 400;\">creme solari<\/span><\/a>, anche un <strong>buon libro<\/strong>!<\/p>\n","protected":false},"excerpt":{"rendered":"<p>Libri sulla disabilit\u00e0 per riflettere, per sorridere, per farci compagnia. Chi non approfitta delle vacanze e dell\u2019estate per leggere di [&hellip;]<\/p>\n","protected":false},"author":8,"featured_media":8062,"comment_status":"closed","ping_status":"open","sticky":false,"template":"","format":"standard","meta":{"_acf_changed":false,"site-sidebar-layout":"default","site-content-layout":"","ast-site-content-layout":"","site-content-style":"default","site-sidebar-style":"default","ast-global-header-display":"","ast-banner-title-visibility":"","ast-main-header-display":"","ast-hfb-above-header-display":"","ast-hfb-below-header-display":"","ast-hfb-mobile-header-display":"","site-post-title":"","ast-breadcrumbs-content":"","ast-featured-img":"","footer-sml-layout":"","theme-transparent-header-meta":"","adv-header-id-meta":"","stick-header-meta":"","header-above-stick-meta":"","header-main-stick-meta":"","header-below-stick-meta":"","astra-migrate-meta-layouts":"default","ast-page-background-enabled":"default","ast-page-background-meta":{"desktop":{"background-color":"var(--ast-global-color-4)","background-image":"","background-repeat":"repeat","background-position":"center center","background-size":"auto","background-attachment":"scroll","background-type":"","background-media":"","overlay-type":"","overlay-color":"","overlay-opacity":"","overlay-gradient":""},"tablet":{"background-color":"","background-image":"","background-repeat":"repeat","background-position":"center center","background-size":"auto","background-attachment":"scroll","background-type":"","background-media":"","overlay-type":"","overlay-color":"","overlay-opacity":"","overlay-gradient":""},"mobile":{"background-color":"","background-image":"","background-repeat":"repeat","background-position":"center center","background-size":"auto","background-attachment":"scroll","background-type":"","background-media":"","overlay-type":"","overlay-color":"","overlay-opacity":"","overlay-gradient":""}},"ast-content-background-meta":{"desktop":{"background-color":"var(--ast-global-color-5)","background-image":"","background-repeat":"repeat","background-position":"center center","background-size":"auto","background-attachment":"scroll","background-type":"","background-media":"","overlay-type":"","overlay-color":"","overlay-opacity":"","overlay-gradient":""},"tablet":{"background-color":"var(--ast-global-color-5)","background-image":"","background-repeat":"repeat","background-position":"center center","background-size":"auto","background-attachment":"scroll","background-type":"","background-media":"","overlay-type":"","overlay-color":"","overlay-opacity":"","overlay-gradient":""},"mobile":{"background-color":"var(--ast-global-color-5)","background-image":"","background-repeat":"repeat","background-position":"center center","background-size":"auto","background-attachment":"scroll","background-type":"","background-media":"","overlay-type":"","overlay-color":"","overlay-opacity":"","overlay-gradient":""}},"footnotes":""},"categories":[17,1189],"tags":[217,143,489,939,940,207],"class_list":["post-8061","post","type-post","status-publish","format-standard","has-post-thumbnail","hentry","category-disabili-e-anziani","category-sport-e-tempo-libero","tag-creme-solari","tag-disabilita","tag-libri","tag-libri-disabilita","tag-ombrellone","tag-spiaggia"],"acf":[],"yoast_head":"<!-- This site is optimized with the Yoast SEO plugin v25.5 - https:\/\/yoast.com\/wordpress\/plugins\/seo\/ -->\n<title>Letture sotto l\u2019ombrellone: libri sulla disabilit\u00e0 -<\/title>\n<meta name=\"description\" content=\"Libri sulla disabilit\u00e0 per riflettere, per sorridere, per farci compagnia. Chi non approfitta delle vacanze e dell\u2019estate per leggere di pi\u00f9? E perch\u00e9 non\" \/>\n<meta name=\"robots\" content=\"index, follow, max-snippet:-1, max-image-preview:large, max-video-preview:-1\" \/>\n<link rel=\"canonical\" href=\"https:\/\/www.ausilium.it\/blog\/letture-sotto-lombrellone-libri-sulla-disabilita\/\" \/>\n<meta property=\"og:locale\" content=\"it_IT\" \/>\n<meta property=\"og:type\" content=\"article\" \/>\n<meta property=\"og:title\" content=\"Letture sotto l\u2019ombrellone: libri sulla disabilit\u00e0 -\" \/>\n<meta property=\"og:description\" content=\"Libri sulla disabilit\u00e0 per riflettere, per sorridere, per farci compagnia. Chi non approfitta delle vacanze e dell\u2019estate per leggere di pi\u00f9? E perch\u00e9 non\" \/>\n<meta property=\"og:url\" content=\"https:\/\/www.ausilium.it\/blog\/letture-sotto-lombrellone-libri-sulla-disabilita\/\" \/>\n<meta property=\"og:site_name\" content=\"Blog \u2013 Ausilium.it\" \/>\n<meta property=\"article:publisher\" content=\"https:\/\/www.facebook.com\/Ausiliumsrl\/\" \/>\n<meta property=\"article:published_time\" content=\"2021-08-11T08:30:51+00:00\" \/>\n<meta property=\"article:modified_time\" content=\"2022-11-22T11:49:47+00:00\" \/>\n<meta property=\"og:image\" content=\"https:\/\/www.ausilium.it\/blog\/wp-content\/uploads\/2021\/07\/Letture-sotto-l\u2019ombrellone.png\" \/>\n\t<meta property=\"og:image:width\" content=\"820\" \/>\n\t<meta property=\"og:image:height\" content=\"312\" \/>\n\t<meta property=\"og:image:type\" content=\"image\/png\" \/>\n<meta name=\"author\" content=\"Ausilium\" \/>\n<meta name=\"twitter:card\" content=\"summary_large_image\" \/>\n<meta name=\"twitter:creator\" content=\"@ausilium\" \/>\n<meta name=\"twitter:site\" content=\"@ausilium\" \/>\n<meta name=\"twitter:label1\" content=\"Scritto da\" \/>\n\t<meta name=\"twitter:data1\" content=\"Ausilium\" \/>\n\t<meta name=\"twitter:label2\" content=\"Tempo di lettura stimato\" \/>\n\t<meta name=\"twitter:data2\" content=\"2 minuti\" \/>\n<script type=\"application\/ld+json\" class=\"yoast-schema-graph\">{\"@context\":\"https:\/\/schema.org\",\"@graph\":[{\"@type\":\"Article\",\"@id\":\"https:\/\/www.ausilium.it\/blog\/letture-sotto-lombrellone-libri-sulla-disabilita\/#article\",\"isPartOf\":{\"@id\":\"https:\/\/www.ausilium.it\/blog\/letture-sotto-lombrellone-libri-sulla-disabilita\/\"},\"author\":{\"name\":\"Ausilium\",\"@id\":\"https:\/\/www.ausilium.it\/blog\/#\/schema\/person\/1d3201398b847bf23951a394f1414d72\"},\"headline\":\"Letture sotto l\u2019ombrellone: libri sulla disabilit\u00e0\",\"datePublished\":\"2021-08-11T08:30:51+00:00\",\"dateModified\":\"2022-11-22T11:49:47+00:00\",\"mainEntityOfPage\":{\"@id\":\"https:\/\/www.ausilium.it\/blog\/letture-sotto-lombrellone-libri-sulla-disabilita\/\"},\"wordCount\":346,\"publisher\":{\"@id\":\"https:\/\/www.ausilium.it\/blog\/#organization\"},\"image\":{\"@id\":\"https:\/\/www.ausilium.it\/blog\/letture-sotto-lombrellone-libri-sulla-disabilita\/#primaryimage\"},\"thumbnailUrl\":\"https:\/\/www.ausilium.it\/blog\/wp-content\/uploads\/2021\/07\/Letture-sotto-l\u2019ombrellone.png\",\"keywords\":[\"creme solari\",\"disabilit\u00e0\",\"libri\",\"libri disabilit\u00e0\",\"ombrellone\",\"spiaggia\"],\"articleSection\":[\"Disabili e Anziani\",\"Sport e tempo libero\"],\"inLanguage\":\"it-IT\"},{\"@type\":\"WebPage\",\"@id\":\"https:\/\/www.ausilium.it\/blog\/letture-sotto-lombrellone-libri-sulla-disabilita\/\",\"url\":\"https:\/\/www.ausilium.it\/blog\/letture-sotto-lombrellone-libri-sulla-disabilita\/\",\"name\":\"Letture sotto l\u2019ombrellone: libri sulla disabilit\u00e0 -\",\"isPartOf\":{\"@id\":\"https:\/\/www.ausilium.it\/blog\/#website\"},\"primaryImageOfPage\":{\"@id\":\"https:\/\/www.ausilium.it\/blog\/letture-sotto-lombrellone-libri-sulla-disabilita\/#primaryimage\"},\"image\":{\"@id\":\"https:\/\/www.ausilium.it\/blog\/letture-sotto-lombrellone-libri-sulla-disabilita\/#primaryimage\"},\"thumbnailUrl\":\"https:\/\/www.ausilium.it\/blog\/wp-content\/uploads\/2021\/07\/Letture-sotto-l\u2019ombrellone.png\",\"datePublished\":\"2021-08-11T08:30:51+00:00\",\"dateModified\":\"2022-11-22T11:49:47+00:00\",\"description\":\"Libri sulla disabilit\u00e0 per riflettere, per sorridere, per farci compagnia. Chi non approfitta delle vacanze e dell\u2019estate per leggere di pi\u00f9? E perch\u00e9 non\",\"breadcrumb\":{\"@id\":\"https:\/\/www.ausilium.it\/blog\/letture-sotto-lombrellone-libri-sulla-disabilita\/#breadcrumb\"},\"inLanguage\":\"it-IT\",\"potentialAction\":[{\"@type\":\"ReadAction\",\"target\":[\"https:\/\/www.ausilium.it\/blog\/letture-sotto-lombrellone-libri-sulla-disabilita\/\"]}]},{\"@type\":\"ImageObject\",\"inLanguage\":\"it-IT\",\"@id\":\"https:\/\/www.ausilium.it\/blog\/letture-sotto-lombrellone-libri-sulla-disabilita\/#primaryimage\",\"url\":\"https:\/\/www.ausilium.it\/blog\/wp-content\/uploads\/2021\/07\/Letture-sotto-l\u2019ombrellone.png\",\"contentUrl\":\"https:\/\/www.ausilium.it\/blog\/wp-content\/uploads\/2021\/07\/Letture-sotto-l\u2019ombrellone.png\",\"width\":820,\"height\":312},{\"@type\":\"BreadcrumbList\",\"@id\":\"https:\/\/www.ausilium.it\/blog\/letture-sotto-lombrellone-libri-sulla-disabilita\/#breadcrumb\",\"itemListElement\":[{\"@type\":\"ListItem\",\"position\":1,\"name\":\"Home\",\"item\":\"https:\/\/www.ausilium.it\/blog\/\"},{\"@type\":\"ListItem\",\"position\":2,\"name\":\"Letture sotto l\u2019ombrellone: libri sulla disabilit\u00e0\"}]},{\"@type\":\"WebSite\",\"@id\":\"https:\/\/www.ausilium.it\/blog\/#website\",\"url\":\"https:\/\/www.ausilium.it\/blog\/\",\"name\":\"Blog \u2013 Ausilium.it\",\"description\":\"Scopri il Blog Salute di Ausilium per ottenere approfondimenti esperti su benessere, consigli medici e migliori prodotti. La tua guida definitiva per una vita sana.\",\"publisher\":{\"@id\":\"https:\/\/www.ausilium.it\/blog\/#organization\"},\"potentialAction\":[{\"@type\":\"SearchAction\",\"target\":{\"@type\":\"EntryPoint\",\"urlTemplate\":\"https:\/\/www.ausilium.it\/blog\/?s={search_term_string}\"},\"query-input\":{\"@type\":\"PropertyValueSpecification\",\"valueRequired\":true,\"valueName\":\"search_term_string\"}}],\"inLanguage\":\"it-IT\"},{\"@type\":\"Organization\",\"@id\":\"https:\/\/www.ausilium.it\/blog\/#organization\",\"name\":\"Blog Ausilium.it\",\"url\":\"https:\/\/www.ausilium.it\/blog\/\",\"logo\":{\"@type\":\"ImageObject\",\"inLanguage\":\"it-IT\",\"@id\":\"https:\/\/www.ausilium.it\/blog\/#\/schema\/logo\/image\/\",\"url\":\"https:\/\/www.ausilium.it\/blog\/wp-content\/uploads\/2021\/12\/cropped-cropped-blog-retina-logo-mobile.png\",\"contentUrl\":\"https:\/\/www.ausilium.it\/blog\/wp-content\/uploads\/2021\/12\/cropped-cropped-blog-retina-logo-mobile.png\",\"width\":280,\"height\":73,\"caption\":\"Blog Ausilium.it\"},\"image\":{\"@id\":\"https:\/\/www.ausilium.it\/blog\/#\/schema\/logo\/image\/\"},\"sameAs\":[\"https:\/\/www.facebook.com\/Ausiliumsrl\/\",\"https:\/\/x.com\/ausilium\",\"https:\/\/www.youtube.com\/user\/Ausilium\/videos\"]},{\"@type\":\"Person\",\"@id\":\"https:\/\/www.ausilium.it\/blog\/#\/schema\/person\/1d3201398b847bf23951a394f1414d72\",\"name\":\"Ausilium\",\"image\":{\"@type\":\"ImageObject\",\"inLanguage\":\"it-IT\",\"@id\":\"https:\/\/www.ausilium.it\/blog\/#\/schema\/person\/image\/\",\"url\":\"https:\/\/www.ausilium.it\/blog\/wp-content\/uploads\/2022\/02\/logo-quadrato-100x100.png\",\"contentUrl\":\"https:\/\/www.ausilium.it\/blog\/wp-content\/uploads\/2022\/02\/logo-quadrato-100x100.png\",\"caption\":\"Ausilium\"},\"url\":\"https:\/\/www.ausilium.it\/blog\/author\/cecilia-grosso\/\"}]}<\/script>\n<!-- \/ Yoast SEO plugin. -->","yoast_head_json":{"title":"Letture sotto l\u2019ombrellone: libri sulla disabilit\u00e0 -","description":"Libri sulla disabilit\u00e0 per riflettere, per sorridere, per farci compagnia. Chi non approfitta delle vacanze e dell\u2019estate per leggere di pi\u00f9? E perch\u00e9 non","robots":{"index":"index","follow":"follow","max-snippet":"max-snippet:-1","max-image-preview":"max-image-preview:large","max-video-preview":"max-video-preview:-1"},"canonical":"https:\/\/www.ausilium.it\/blog\/letture-sotto-lombrellone-libri-sulla-disabilita\/","og_locale":"it_IT","og_type":"article","og_title":"Letture sotto l\u2019ombrellone: libri sulla disabilit\u00e0 -","og_description":"Libri sulla disabilit\u00e0 per riflettere, per sorridere, per farci compagnia. Chi non approfitta delle vacanze e dell\u2019estate per leggere di pi\u00f9? E perch\u00e9 non","og_url":"https:\/\/www.ausilium.it\/blog\/letture-sotto-lombrellone-libri-sulla-disabilita\/","og_site_name":"Blog \u2013 Ausilium.it","article_publisher":"https:\/\/www.facebook.com\/Ausiliumsrl\/","article_published_time":"2021-08-11T08:30:51+00:00","article_modified_time":"2022-11-22T11:49:47+00:00","og_image":[{"width":820,"height":312,"url":"https:\/\/www.ausilium.it\/blog\/wp-content\/uploads\/2021\/07\/Letture-sotto-l\u2019ombrellone.png","type":"image\/png"}],"author":"Ausilium","twitter_card":"summary_large_image","twitter_creator":"@ausilium","twitter_site":"@ausilium","twitter_misc":{"Scritto da":"Ausilium","Tempo di lettura stimato":"2 minuti"},"schema":{"@context":"https:\/\/schema.org","@graph":[{"@type":"Article","@id":"https:\/\/www.ausilium.it\/blog\/letture-sotto-lombrellone-libri-sulla-disabilita\/#article","isPartOf":{"@id":"https:\/\/www.ausilium.it\/blog\/letture-sotto-lombrellone-libri-sulla-disabilita\/"},"author":{"name":"Ausilium","@id":"https:\/\/www.ausilium.it\/blog\/#\/schema\/person\/1d3201398b847bf23951a394f1414d72"},"headline":"Letture sotto l\u2019ombrellone: libri sulla disabilit\u00e0","datePublished":"2021-08-11T08:30:51+00:00","dateModified":"2022-11-22T11:49:47+00:00","mainEntityOfPage":{"@id":"https:\/\/www.ausilium.it\/blog\/letture-sotto-lombrellone-libri-sulla-disabilita\/"},"wordCount":346,"publisher":{"@id":"https:\/\/www.ausilium.it\/blog\/#organization"},"image":{"@id":"https:\/\/www.ausilium.it\/blog\/letture-sotto-lombrellone-libri-sulla-disabilita\/#primaryimage"},"thumbnailUrl":"https:\/\/www.ausilium.it\/blog\/wp-content\/uploads\/2021\/07\/Letture-sotto-l\u2019ombrellone.png","keywords":["creme solari","disabilit\u00e0","libri","libri disabilit\u00e0","ombrellone","spiaggia"],"articleSection":["Disabili e Anziani","Sport e tempo libero"],"inLanguage":"it-IT"},{"@type":"WebPage","@id":"https:\/\/www.ausilium.it\/blog\/letture-sotto-lombrellone-libri-sulla-disabilita\/","url":"https:\/\/www.ausilium.it\/blog\/letture-sotto-lombrellone-libri-sulla-disabilita\/","name":"Letture sotto l\u2019ombrellone: libri sulla disabilit\u00e0 -","isPartOf":{"@id":"https:\/\/www.ausilium.it\/blog\/#website"},"primaryImageOfPage":{"@id":"https:\/\/www.ausilium.it\/blog\/letture-sotto-lombrellone-libri-sulla-disabilita\/#primaryimage"},"image":{"@id":"https:\/\/www.ausilium.it\/blog\/letture-sotto-lombrellone-libri-sulla-disabilita\/#primaryimage"},"thumbnailUrl":"https:\/\/www.ausilium.it\/blog\/wp-content\/uploads\/2021\/07\/Letture-sotto-l\u2019ombrellone.png","datePublished":"2021-08-11T08:30:51+00:00","dateModified":"2022-11-22T11:49:47+00:00","description":"Libri sulla disabilit\u00e0 per riflettere, per sorridere, per farci compagnia. Chi non approfitta delle vacanze e dell\u2019estate per leggere di pi\u00f9? E perch\u00e9 non","breadcrumb":{"@id":"https:\/\/www.ausilium.it\/blog\/letture-sotto-lombrellone-libri-sulla-disabilita\/#breadcrumb"},"inLanguage":"it-IT","potentialAction":[{"@type":"ReadAction","target":["https:\/\/www.ausilium.it\/blog\/letture-sotto-lombrellone-libri-sulla-disabilita\/"]}]},{"@type":"ImageObject","inLanguage":"it-IT","@id":"https:\/\/www.ausilium.it\/blog\/letture-sotto-lombrellone-libri-sulla-disabilita\/#primaryimage","url":"https:\/\/www.ausilium.it\/blog\/wp-content\/uploads\/2021\/07\/Letture-sotto-l\u2019ombrellone.png","contentUrl":"https:\/\/www.ausilium.it\/blog\/wp-content\/uploads\/2021\/07\/Letture-sotto-l\u2019ombrellone.png","width":820,"height":312},{"@type":"BreadcrumbList","@id":"https:\/\/www.ausilium.it\/blog\/letture-sotto-lombrellone-libri-sulla-disabilita\/#breadcrumb","itemListElement":[{"@type":"ListItem","position":1,"name":"Home","item":"https:\/\/www.ausilium.it\/blog\/"},{"@type":"ListItem","position":2,"name":"Letture sotto l\u2019ombrellone: libri sulla disabilit\u00e0"}]},{"@type":"WebSite","@id":"https:\/\/www.ausilium.it\/blog\/#website","url":"https:\/\/www.ausilium.it\/blog\/","name":"Blog \u2013 Ausilium.it","description":"Scopri il Blog Salute di Ausilium per ottenere approfondimenti esperti su benessere, consigli medici e migliori prodotti. La tua guida definitiva per una vita sana.","publisher":{"@id":"https:\/\/www.ausilium.it\/blog\/#organization"},"potentialAction":[{"@type":"SearchAction","target":{"@type":"EntryPoint","urlTemplate":"https:\/\/www.ausilium.it\/blog\/?s={search_term_string}"},"query-input":{"@type":"PropertyValueSpecification","valueRequired":true,"valueName":"search_term_string"}}],"inLanguage":"it-IT"},{"@type":"Organization","@id":"https:\/\/www.ausilium.it\/blog\/#organization","name":"Blog Ausilium.it","url":"https:\/\/www.ausilium.it\/blog\/","logo":{"@type":"ImageObject","inLanguage":"it-IT","@id":"https:\/\/www.ausilium.it\/blog\/#\/schema\/logo\/image\/","url":"https:\/\/www.ausilium.it\/blog\/wp-content\/uploads\/2021\/12\/cropped-cropped-blog-retina-logo-mobile.png","contentUrl":"https:\/\/www.ausilium.it\/blog\/wp-content\/uploads\/2021\/12\/cropped-cropped-blog-retina-logo-mobile.png","width":280,"height":73,"caption":"Blog Ausilium.it"},"image":{"@id":"https:\/\/www.ausilium.it\/blog\/#\/schema\/logo\/image\/"},"sameAs":["https:\/\/www.facebook.com\/Ausiliumsrl\/","https:\/\/x.com\/ausilium","https:\/\/www.youtube.com\/user\/Ausilium\/videos"]},{"@type":"Person","@id":"https:\/\/www.ausilium.it\/blog\/#\/schema\/person\/1d3201398b847bf23951a394f1414d72","name":"Ausilium","image":{"@type":"ImageObject","inLanguage":"it-IT","@id":"https:\/\/www.ausilium.it\/blog\/#\/schema\/person\/image\/","url":"https:\/\/www.ausilium.it\/blog\/wp-content\/uploads\/2022\/02\/logo-quadrato-100x100.png","contentUrl":"https:\/\/www.ausilium.it\/blog\/wp-content\/uploads\/2022\/02\/logo-quadrato-100x100.png","caption":"Ausilium"},"url":"https:\/\/www.ausilium.it\/blog\/author\/cecilia-grosso\/"}]}},"amp_enabled":true,"_links":{"self":[{"href":"https:\/\/www.ausilium.it\/blog\/wp-json\/wp\/v2\/posts\/8061"}],"collection":[{"href":"https:\/\/www.ausilium.it\/blog\/wp-json\/wp\/v2\/posts"}],"about":[{"href":"https:\/\/www.ausilium.it\/blog\/wp-json\/wp\/v2\/types\/post"}],"author":[{"embeddable":true,"href":"https:\/\/www.ausilium.it\/blog\/wp-json\/wp\/v2\/users\/8"}],"replies":[{"embeddable":true,"href":"https:\/\/www.ausilium.it\/blog\/wp-json\/wp\/v2\/comments?post=8061"}],"version-history":[{"count":2,"href":"https:\/\/www.ausilium.it\/blog\/wp-json\/wp\/v2\/posts\/8061\/revisions"}],"predecessor-version":[{"id":8064,"href":"https:\/\/www.ausilium.it\/blog\/wp-json\/wp\/v2\/posts\/8061\/revisions\/8064"}],"wp:featuredmedia":[{"embeddable":true,"href":"https:\/\/www.ausilium.it\/blog\/wp-json\/wp\/v2\/media\/8062"}],"wp:attachment":[{"href":"https:\/\/www.ausilium.it\/blog\/wp-json\/wp\/v2\/media?parent=8061"}],"wp:term":[{"taxonomy":"category","embeddable":true,"href":"https:\/\/www.ausilium.it\/blog\/wp-json\/wp\/v2\/categories?post=8061"},{"taxonomy":"post_tag","embeddable":true,"href":"https:\/\/www.ausilium.it\/blog\/wp-json\/wp\/v2\/tags?post=8061"}],"curies":[{"name":"wp","href":"https:\/\/api.w.org\/{rel}","templated":true}]}}