{"id":7988,"date":"2021-03-24T12:04:50","date_gmt":"2021-03-24T11:04:50","guid":{"rendered":"https:\/\/blog.ausilium.it\/?p=7988"},"modified":"2024-08-05T16:27:28","modified_gmt":"2024-08-05T14:27:28","slug":"irritazioni-da-mascherina-come-prevenirle-e-curarle","status":"publish","type":"post","link":"https:\/\/www.ausilium.it\/blog\/irritazioni-da-mascherina-come-prevenirle-e-curarle\/","title":{"rendered":"Irritazioni da mascherina? Come prevenirle e curarle"},"content":{"rendered":"<h3><span style=\"font-weight: 400;\">5 Consigli per difendere la pelle sensibile dalle irritazioni da mascherina.\u00a0<\/span><\/h3>\n<p><span style=\"font-weight: 400;\">Indossare le mascherine chirurgiche, mascherine FFP2 o <a href=\"https:\/\/blog.ausilium.it\/mascherine-lavabili-economiche-ecologiche-sicure\/\">mascherine lavabili<\/a> \u00e8 ormai <\/span><span style=\"font-weight: 400;\">obbligatorio e necessario<\/span><span style=\"font-weight: 400;\"> per salvaguardare la salute nostra e degli altri. <\/span><\/p>\n<p><span style=\"font-weight: 400;\">Le pelli pi\u00f9 sensibili per\u00f2 possono sviluppare irritazioni a causa della mascherina ed \u00e8 quindi importante seguire poche ma essenziali regole per avere cura della pelle, <\/span><span style=\"font-weight: 400;\">rispettandola specialmente quando \u00e8 soggetta a dermatiti o reazioni allergiche.<\/span><\/p>\n<h4><b>1. Pulizia corretta e delicata<\/b><\/h4>\n<p><span style=\"font-weight: 400;\">La pulizia del viso \u00e8 il primo consiglio da mettere in pratica! Sembra banale, ma bisogna pulire il viso rientrando a casa e prima di andare a dormire. Abituiamoci ad usare prodotti di qualit\u00e0 e adeguati alle nostre esigenze, come ad esempio:<\/span><\/p>\n<ul>\n<li style=\"font-weight: 400;\" aria-level=\"1\"><span style=\"font-weight: 400;\">Detergente neutro<\/span><\/li>\n<li style=\"font-weight: 400;\" aria-level=\"1\"><span style=\"font-weight: 400;\">Latte detergente<\/span><span style=\"font-weight: 400;\"> idratante<\/span><\/li>\n<li style=\"font-weight: 400;\" aria-level=\"1\"><span style=\"font-weight: 400;\">Tonico o <\/span><span style=\"font-weight: 400;\">acqua di rose<\/span><span style=\"font-weight: 400;\"> idratante<\/span><\/li>\n<\/ul>\n<h4><b style=\"color: #111111; font-family: Roboto, sans-serif; font-size: 19px;\">2. Idratazione adeguata\u00a0<\/b><\/h4>\n<p><span style=\"font-weight: 400;\">Dopo aver pulito bene il viso bisogna dare sollievo alla pelle che \u00e8 stata costretta all\u2019interno della mascherina per molte ore. Per farlo possiamo applicare una crema idratante sia la sera sia la mattina.<\/span><\/p>\n<p>Scegliamo sempre la crema pi\u00f9 adatta a noi:<\/p>\n<ul>\n<li style=\"font-weight: 400;\" aria-level=\"1\"><span style=\"font-weight: 400;\"><a href=\"https:\/\/www.ausilium.it\/p-9250-aloe-viso-antieta.htm\">Crema all\u2019aloe<\/a>:<\/span><span style=\"font-weight: 400;\"> ideale per ogni tipo di pelle.<\/span><\/li>\n<li style=\"font-weight: 400;\" aria-level=\"1\"><a href=\"https:\/\/www.ausilium.it\/crema-viso-idratante-con-acido-ialuronico.htm\"><span style=\"font-weight: 400;\">Crema idratante all&#8217;Argan<\/span><\/a>: indicata per le pelli pi\u00f9 delicate e soggette ad irritazione.<\/li>\n<li style=\"font-weight: 400;\" aria-level=\"1\"><span style=\"font-weight: 400;\">Olio puro di jojoba<\/span>: ideale per lenire intensamente la pelle irritata.<\/li>\n<\/ul>\n<h4><b style=\"color: #111111; font-family: Roboto, sans-serif; font-size: 19px;\">3. Attenzione al make-up<\/b><\/h4>\n<p><span style=\"font-weight: 400;\">Anche il make-up pu\u00f2 creare delle irritazioni se combinato all&#8217;uso prolungato della mascherina, per evitarlo \u00e8 importante seguire pochi ma fondamentali regole:<\/span><\/p>\n<ul>\n<li>utilizzare sempre <a href=\"https:\/\/www.ausilium.it\/cosmetica.htm\">cosmetici<\/a> di qualit\u00e0.<\/li>\n<li style=\"font-weight: 400;\" aria-level=\"1\"><span style=\"font-weight: 400;\">non usare troppo trucco: la pelle sotto la mascherina comunque suda e ha bisogno di respirare!<\/span><\/li>\n<li style=\"font-weight: 400;\" aria-level=\"1\"><span style=\"font-weight: 400;\">rimuovere molto bene il trucco utilizzando ad esempio un <\/span><span style=\"font-weight: 400;\">latte detergente idratante<\/span>.<\/li>\n<\/ul>\n<h4><b style=\"color: #111111; font-family: Roboto, sans-serif; font-size: 19px;\">4. Cambiare la mascherina<\/b><\/h4>\n<p>Per evitare le irritazioni \u00e8 importante attenersi alle <strong>indicazioni sulle modalit\u00e0 d&#8217;uso<\/strong> delle diverse tipologie di mascherina, cambiandole quando necessario.<\/p>\n<p>Le cause di irritazione non sono solo legate al continuo contatto della mascherina con la pelle, ma anche alla <strong>proliferazione di batteri e germi<\/strong> sulla superficie causate dal sudore.<\/p>\n<h4><b>5. Rivolgersi al dermatologo<\/b><\/h4>\n<p>Se il problema persiste anche seguendo queste piccole accortezze, \u00e8 importante rivolgersi ad uno specialista, <strong>al medico di famiglia o al dermatologo<\/strong>, per ottenere un supporto mirato.<\/p>\n<p><span style=\"font-weight: 400;\">In questo momento indossare le mascherine \u00e8 importante per proteggere la nostra salute e quella di chi amiamo: <strong>cerchiamo di non dimenticarcene mai<\/strong><\/span><span style=\"font-weight: 400;\">!<\/span><\/p>\n","protected":false},"excerpt":{"rendered":"<p>5 Consigli per difendere la pelle sensibile dalle irritazioni da mascherina.\u00a0 Indossare le mascherine chirurgiche, mascherine FFP2 o mascherine lavabili [&hellip;]<\/p>\n","protected":false},"author":8,"featured_media":7989,"comment_status":"closed","ping_status":"open","sticky":false,"template":"","format":"standard","meta":{"_acf_changed":false,"site-sidebar-layout":"default","site-content-layout":"","ast-site-content-layout":"default","site-content-style":"default","site-sidebar-style":"default","ast-global-header-display":"","ast-banner-title-visibility":"","ast-main-header-display":"","ast-hfb-above-header-display":"","ast-hfb-below-header-display":"","ast-hfb-mobile-header-display":"","site-post-title":"","ast-breadcrumbs-content":"","ast-featured-img":"","footer-sml-layout":"","theme-transparent-header-meta":"default","adv-header-id-meta":"","stick-header-meta":"","header-above-stick-meta":"","header-main-stick-meta":"","header-below-stick-meta":"","astra-migrate-meta-layouts":"set","ast-page-background-enabled":"default","ast-page-background-meta":{"desktop":{"background-color":"var(--ast-global-color-4)","background-image":"","background-repeat":"repeat","background-position":"center center","background-size":"auto","background-attachment":"scroll","background-type":"","background-media":"","overlay-type":"","overlay-color":"","overlay-opacity":"","overlay-gradient":""},"tablet":{"background-color":"","background-image":"","background-repeat":"repeat","background-position":"center center","background-size":"auto","background-attachment":"scroll","background-type":"","background-media":"","overlay-type":"","overlay-color":"","overlay-opacity":"","overlay-gradient":""},"mobile":{"background-color":"","background-image":"","background-repeat":"repeat","background-position":"center center","background-size":"auto","background-attachment":"scroll","background-type":"","background-media":"","overlay-type":"","overlay-color":"","overlay-opacity":"","overlay-gradient":""}},"ast-content-background-meta":{"desktop":{"background-color":"var(--ast-global-color-5)","background-image":"","background-repeat":"repeat","background-position":"center center","background-size":"auto","background-attachment":"scroll","background-type":"","background-media":"","overlay-type":"","overlay-color":"","overlay-opacity":"","overlay-gradient":""},"tablet":{"background-color":"var(--ast-global-color-5)","background-image":"","background-repeat":"repeat","background-position":"center center","background-size":"auto","background-attachment":"scroll","background-type":"","background-media":"","overlay-type":"","overlay-color":"","overlay-opacity":"","overlay-gradient":""},"mobile":{"background-color":"var(--ast-global-color-5)","background-image":"","background-repeat":"repeat","background-position":"center center","background-size":"auto","background-attachment":"scroll","background-type":"","background-media":"","overlay-type":"","overlay-color":"","overlay-opacity":"","overlay-gradient":""}},"footnotes":""},"categories":[1191,3],"tags":[106,873,537,113,686,876,723,872,867,877,131,866,875,874,761,870,39,868,56,707,725,869,871],"class_list":["post-7988","post","type-post","status-publish","format-standard","has-post-thumbnail","hentry","category-medicina-e-salute","category-salute","tag-allergie","tag-aloe","tag-argan","tag-benessere","tag-coronavirus","tag-cosmetici","tag-covid-19","tag-crema","tag-dermatite","tag-dermatologo","tag-detergente","tag-irritazioni","tag-jojoba","tag-karite","tag-mascherine","tag-pelle-sensibile","tag-prevenzione","tag-reazioni-allergiche","tag-salute","tag-salute-e-benessere","tag-sapone","tag-sensibilita","tag-tonico"],"acf":[],"yoast_head":"<!-- This site is optimized with the Yoast SEO plugin v25.5 - https:\/\/yoast.com\/wordpress\/plugins\/seo\/ -->\n<title>Irritazioni da mascherina? Come prevenirle e curarle -<\/title>\n<meta name=\"description\" content=\"5 Consigli per difendere la pelle sensibile dalle irritazioni da mascherina.\u00a0 Indossare le mascherine chirurgiche, mascherine FFP2 o mascherine lavabili \u00e8\" \/>\n<meta name=\"robots\" content=\"index, follow, max-snippet:-1, max-image-preview:large, max-video-preview:-1\" \/>\n<link rel=\"canonical\" href=\"https:\/\/www.ausilium.it\/blog\/irritazioni-da-mascherina-come-prevenirle-e-curarle\/\" \/>\n<meta property=\"og:locale\" content=\"it_IT\" \/>\n<meta property=\"og:type\" content=\"article\" \/>\n<meta property=\"og:title\" content=\"Irritazioni da mascherina? Come prevenirle e curarle -\" \/>\n<meta property=\"og:description\" content=\"5 Consigli per difendere la pelle sensibile dalle irritazioni da mascherina.\u00a0 Indossare le mascherine chirurgiche, mascherine FFP2 o mascherine lavabili \u00e8\" \/>\n<meta property=\"og:url\" content=\"https:\/\/www.ausilium.it\/blog\/irritazioni-da-mascherina-come-prevenirle-e-curarle\/\" \/>\n<meta property=\"og:site_name\" content=\"Blog \u2013 Ausilium.it\" \/>\n<meta property=\"article:publisher\" content=\"https:\/\/www.facebook.com\/Ausiliumsrl\/\" \/>\n<meta property=\"article:published_time\" content=\"2021-03-24T11:04:50+00:00\" \/>\n<meta property=\"article:modified_time\" content=\"2024-08-05T14:27:28+00:00\" \/>\n<meta property=\"og:image\" content=\"https:\/\/www.ausilium.it\/blog\/wp-content\/uploads\/2021\/03\/31.png\" \/>\n\t<meta property=\"og:image:width\" content=\"2050\" \/>\n\t<meta property=\"og:image:height\" content=\"780\" \/>\n\t<meta property=\"og:image:type\" content=\"image\/png\" \/>\n<meta name=\"author\" content=\"Ausilium\" \/>\n<meta name=\"twitter:card\" content=\"summary_large_image\" \/>\n<meta name=\"twitter:creator\" content=\"@ausilium\" \/>\n<meta name=\"twitter:site\" content=\"@ausilium\" \/>\n<meta name=\"twitter:label1\" content=\"Scritto da\" \/>\n\t<meta name=\"twitter:data1\" content=\"Ausilium\" \/>\n\t<meta name=\"twitter:label2\" content=\"Tempo di lettura stimato\" \/>\n\t<meta name=\"twitter:data2\" content=\"3 minuti\" \/>\n<script type=\"application\/ld+json\" class=\"yoast-schema-graph\">{\"@context\":\"https:\/\/schema.org\",\"@graph\":[{\"@type\":\"Article\",\"@id\":\"https:\/\/www.ausilium.it\/blog\/irritazioni-da-mascherina-come-prevenirle-e-curarle\/#article\",\"isPartOf\":{\"@id\":\"https:\/\/www.ausilium.it\/blog\/irritazioni-da-mascherina-come-prevenirle-e-curarle\/\"},\"author\":{\"name\":\"Ausilium\",\"@id\":\"https:\/\/www.ausilium.it\/blog\/#\/schema\/person\/1d3201398b847bf23951a394f1414d72\"},\"headline\":\"Irritazioni da mascherina? Come prevenirle e curarle\",\"datePublished\":\"2021-03-24T11:04:50+00:00\",\"dateModified\":\"2024-08-05T14:27:28+00:00\",\"mainEntityOfPage\":{\"@id\":\"https:\/\/www.ausilium.it\/blog\/irritazioni-da-mascherina-come-prevenirle-e-curarle\/\"},\"wordCount\":367,\"publisher\":{\"@id\":\"https:\/\/www.ausilium.it\/blog\/#organization\"},\"image\":{\"@id\":\"https:\/\/www.ausilium.it\/blog\/irritazioni-da-mascherina-come-prevenirle-e-curarle\/#primaryimage\"},\"thumbnailUrl\":\"https:\/\/www.ausilium.it\/blog\/wp-content\/uploads\/2021\/03\/31.png\",\"keywords\":[\"allergie\",\"aloe\",\"argan\",\"benessere\",\"coronavirus\",\"cosmetici\",\"covid-19\",\"crema\",\"dermatite\",\"dermatologo\",\"detergente\",\"irritazioni\",\"jojoba\",\"karit\u00e8\",\"mascherine\",\"pelle sensibile\",\"prevenzione\",\"reazioni allergiche\",\"salute\",\"salute e benessere\",\"sapone\",\"sensibilit\u00e0\",\"tonico\"],\"articleSection\":[\"Medicina e salute\",\"Salute\"],\"inLanguage\":\"it-IT\"},{\"@type\":\"WebPage\",\"@id\":\"https:\/\/www.ausilium.it\/blog\/irritazioni-da-mascherina-come-prevenirle-e-curarle\/\",\"url\":\"https:\/\/www.ausilium.it\/blog\/irritazioni-da-mascherina-come-prevenirle-e-curarle\/\",\"name\":\"Irritazioni da mascherina? Come prevenirle e curarle -\",\"isPartOf\":{\"@id\":\"https:\/\/www.ausilium.it\/blog\/#website\"},\"primaryImageOfPage\":{\"@id\":\"https:\/\/www.ausilium.it\/blog\/irritazioni-da-mascherina-come-prevenirle-e-curarle\/#primaryimage\"},\"image\":{\"@id\":\"https:\/\/www.ausilium.it\/blog\/irritazioni-da-mascherina-come-prevenirle-e-curarle\/#primaryimage\"},\"thumbnailUrl\":\"https:\/\/www.ausilium.it\/blog\/wp-content\/uploads\/2021\/03\/31.png\",\"datePublished\":\"2021-03-24T11:04:50+00:00\",\"dateModified\":\"2024-08-05T14:27:28+00:00\",\"description\":\"5 Consigli per difendere la pelle sensibile dalle irritazioni da mascherina.\u00a0 Indossare le mascherine chirurgiche, mascherine FFP2 o mascherine lavabili \u00e8\",\"breadcrumb\":{\"@id\":\"https:\/\/www.ausilium.it\/blog\/irritazioni-da-mascherina-come-prevenirle-e-curarle\/#breadcrumb\"},\"inLanguage\":\"it-IT\",\"potentialAction\":[{\"@type\":\"ReadAction\",\"target\":[\"https:\/\/www.ausilium.it\/blog\/irritazioni-da-mascherina-come-prevenirle-e-curarle\/\"]}]},{\"@type\":\"ImageObject\",\"inLanguage\":\"it-IT\",\"@id\":\"https:\/\/www.ausilium.it\/blog\/irritazioni-da-mascherina-come-prevenirle-e-curarle\/#primaryimage\",\"url\":\"https:\/\/www.ausilium.it\/blog\/wp-content\/uploads\/2021\/03\/31.png\",\"contentUrl\":\"https:\/\/www.ausilium.it\/blog\/wp-content\/uploads\/2021\/03\/31.png\",\"width\":2050,\"height\":780,\"caption\":\"Irritazioni da mascherina? Come prevenirle e curarle\"},{\"@type\":\"BreadcrumbList\",\"@id\":\"https:\/\/www.ausilium.it\/blog\/irritazioni-da-mascherina-come-prevenirle-e-curarle\/#breadcrumb\",\"itemListElement\":[{\"@type\":\"ListItem\",\"position\":1,\"name\":\"Home\",\"item\":\"https:\/\/www.ausilium.it\/blog\/\"},{\"@type\":\"ListItem\",\"position\":2,\"name\":\"Irritazioni da mascherina? Come prevenirle e curarle\"}]},{\"@type\":\"WebSite\",\"@id\":\"https:\/\/www.ausilium.it\/blog\/#website\",\"url\":\"https:\/\/www.ausilium.it\/blog\/\",\"name\":\"Blog \u2013 Ausilium.it\",\"description\":\"Scopri il Blog Salute di Ausilium per ottenere approfondimenti esperti su benessere, consigli medici e migliori prodotti. La tua guida definitiva per una vita sana.\",\"publisher\":{\"@id\":\"https:\/\/www.ausilium.it\/blog\/#organization\"},\"potentialAction\":[{\"@type\":\"SearchAction\",\"target\":{\"@type\":\"EntryPoint\",\"urlTemplate\":\"https:\/\/www.ausilium.it\/blog\/?s={search_term_string}\"},\"query-input\":{\"@type\":\"PropertyValueSpecification\",\"valueRequired\":true,\"valueName\":\"search_term_string\"}}],\"inLanguage\":\"it-IT\"},{\"@type\":\"Organization\",\"@id\":\"https:\/\/www.ausilium.it\/blog\/#organization\",\"name\":\"Blog Ausilium.it\",\"url\":\"https:\/\/www.ausilium.it\/blog\/\",\"logo\":{\"@type\":\"ImageObject\",\"inLanguage\":\"it-IT\",\"@id\":\"https:\/\/www.ausilium.it\/blog\/#\/schema\/logo\/image\/\",\"url\":\"https:\/\/www.ausilium.it\/blog\/wp-content\/uploads\/2021\/12\/cropped-cropped-blog-retina-logo-mobile.png\",\"contentUrl\":\"https:\/\/www.ausilium.it\/blog\/wp-content\/uploads\/2021\/12\/cropped-cropped-blog-retina-logo-mobile.png\",\"width\":280,\"height\":73,\"caption\":\"Blog Ausilium.it\"},\"image\":{\"@id\":\"https:\/\/www.ausilium.it\/blog\/#\/schema\/logo\/image\/\"},\"sameAs\":[\"https:\/\/www.facebook.com\/Ausiliumsrl\/\",\"https:\/\/x.com\/ausilium\",\"https:\/\/www.youtube.com\/user\/Ausilium\/videos\"]},{\"@type\":\"Person\",\"@id\":\"https:\/\/www.ausilium.it\/blog\/#\/schema\/person\/1d3201398b847bf23951a394f1414d72\",\"name\":\"Ausilium\",\"image\":{\"@type\":\"ImageObject\",\"inLanguage\":\"it-IT\",\"@id\":\"https:\/\/www.ausilium.it\/blog\/#\/schema\/person\/image\/\",\"url\":\"https:\/\/www.ausilium.it\/blog\/wp-content\/uploads\/2022\/02\/logo-quadrato-100x100.png\",\"contentUrl\":\"https:\/\/www.ausilium.it\/blog\/wp-content\/uploads\/2022\/02\/logo-quadrato-100x100.png\",\"caption\":\"Ausilium\"},\"url\":\"https:\/\/www.ausilium.it\/blog\/author\/cecilia-grosso\/\"}]}<\/script>\n<!-- \/ Yoast SEO plugin. -->","yoast_head_json":{"title":"Irritazioni da mascherina? Come prevenirle e curarle -","description":"5 Consigli per difendere la pelle sensibile dalle irritazioni da mascherina.\u00a0 Indossare le mascherine chirurgiche, mascherine FFP2 o mascherine lavabili \u00e8","robots":{"index":"index","follow":"follow","max-snippet":"max-snippet:-1","max-image-preview":"max-image-preview:large","max-video-preview":"max-video-preview:-1"},"canonical":"https:\/\/www.ausilium.it\/blog\/irritazioni-da-mascherina-come-prevenirle-e-curarle\/","og_locale":"it_IT","og_type":"article","og_title":"Irritazioni da mascherina? Come prevenirle e curarle -","og_description":"5 Consigli per difendere la pelle sensibile dalle irritazioni da mascherina.\u00a0 Indossare le mascherine chirurgiche, mascherine FFP2 o mascherine lavabili \u00e8","og_url":"https:\/\/www.ausilium.it\/blog\/irritazioni-da-mascherina-come-prevenirle-e-curarle\/","og_site_name":"Blog \u2013 Ausilium.it","article_publisher":"https:\/\/www.facebook.com\/Ausiliumsrl\/","article_published_time":"2021-03-24T11:04:50+00:00","article_modified_time":"2024-08-05T14:27:28+00:00","og_image":[{"width":2050,"height":780,"url":"https:\/\/www.ausilium.it\/blog\/wp-content\/uploads\/2021\/03\/31.png","type":"image\/png"}],"author":"Ausilium","twitter_card":"summary_large_image","twitter_creator":"@ausilium","twitter_site":"@ausilium","twitter_misc":{"Scritto da":"Ausilium","Tempo di lettura stimato":"3 minuti"},"schema":{"@context":"https:\/\/schema.org","@graph":[{"@type":"Article","@id":"https:\/\/www.ausilium.it\/blog\/irritazioni-da-mascherina-come-prevenirle-e-curarle\/#article","isPartOf":{"@id":"https:\/\/www.ausilium.it\/blog\/irritazioni-da-mascherina-come-prevenirle-e-curarle\/"},"author":{"name":"Ausilium","@id":"https:\/\/www.ausilium.it\/blog\/#\/schema\/person\/1d3201398b847bf23951a394f1414d72"},"headline":"Irritazioni da mascherina? Come prevenirle e curarle","datePublished":"2021-03-24T11:04:50+00:00","dateModified":"2024-08-05T14:27:28+00:00","mainEntityOfPage":{"@id":"https:\/\/www.ausilium.it\/blog\/irritazioni-da-mascherina-come-prevenirle-e-curarle\/"},"wordCount":367,"publisher":{"@id":"https:\/\/www.ausilium.it\/blog\/#organization"},"image":{"@id":"https:\/\/www.ausilium.it\/blog\/irritazioni-da-mascherina-come-prevenirle-e-curarle\/#primaryimage"},"thumbnailUrl":"https:\/\/www.ausilium.it\/blog\/wp-content\/uploads\/2021\/03\/31.png","keywords":["allergie","aloe","argan","benessere","coronavirus","cosmetici","covid-19","crema","dermatite","dermatologo","detergente","irritazioni","jojoba","karit\u00e8","mascherine","pelle sensibile","prevenzione","reazioni allergiche","salute","salute e benessere","sapone","sensibilit\u00e0","tonico"],"articleSection":["Medicina e salute","Salute"],"inLanguage":"it-IT"},{"@type":"WebPage","@id":"https:\/\/www.ausilium.it\/blog\/irritazioni-da-mascherina-come-prevenirle-e-curarle\/","url":"https:\/\/www.ausilium.it\/blog\/irritazioni-da-mascherina-come-prevenirle-e-curarle\/","name":"Irritazioni da mascherina? Come prevenirle e curarle -","isPartOf":{"@id":"https:\/\/www.ausilium.it\/blog\/#website"},"primaryImageOfPage":{"@id":"https:\/\/www.ausilium.it\/blog\/irritazioni-da-mascherina-come-prevenirle-e-curarle\/#primaryimage"},"image":{"@id":"https:\/\/www.ausilium.it\/blog\/irritazioni-da-mascherina-come-prevenirle-e-curarle\/#primaryimage"},"thumbnailUrl":"https:\/\/www.ausilium.it\/blog\/wp-content\/uploads\/2021\/03\/31.png","datePublished":"2021-03-24T11:04:50+00:00","dateModified":"2024-08-05T14:27:28+00:00","description":"5 Consigli per difendere la pelle sensibile dalle irritazioni da mascherina.\u00a0 Indossare le mascherine chirurgiche, mascherine FFP2 o mascherine lavabili \u00e8","breadcrumb":{"@id":"https:\/\/www.ausilium.it\/blog\/irritazioni-da-mascherina-come-prevenirle-e-curarle\/#breadcrumb"},"inLanguage":"it-IT","potentialAction":[{"@type":"ReadAction","target":["https:\/\/www.ausilium.it\/blog\/irritazioni-da-mascherina-come-prevenirle-e-curarle\/"]}]},{"@type":"ImageObject","inLanguage":"it-IT","@id":"https:\/\/www.ausilium.it\/blog\/irritazioni-da-mascherina-come-prevenirle-e-curarle\/#primaryimage","url":"https:\/\/www.ausilium.it\/blog\/wp-content\/uploads\/2021\/03\/31.png","contentUrl":"https:\/\/www.ausilium.it\/blog\/wp-content\/uploads\/2021\/03\/31.png","width":2050,"height":780,"caption":"Irritazioni da mascherina? Come prevenirle e curarle"},{"@type":"BreadcrumbList","@id":"https:\/\/www.ausilium.it\/blog\/irritazioni-da-mascherina-come-prevenirle-e-curarle\/#breadcrumb","itemListElement":[{"@type":"ListItem","position":1,"name":"Home","item":"https:\/\/www.ausilium.it\/blog\/"},{"@type":"ListItem","position":2,"name":"Irritazioni da mascherina? Come prevenirle e curarle"}]},{"@type":"WebSite","@id":"https:\/\/www.ausilium.it\/blog\/#website","url":"https:\/\/www.ausilium.it\/blog\/","name":"Blog \u2013 Ausilium.it","description":"Scopri il Blog Salute di Ausilium per ottenere approfondimenti esperti su benessere, consigli medici e migliori prodotti. La tua guida definitiva per una vita sana.","publisher":{"@id":"https:\/\/www.ausilium.it\/blog\/#organization"},"potentialAction":[{"@type":"SearchAction","target":{"@type":"EntryPoint","urlTemplate":"https:\/\/www.ausilium.it\/blog\/?s={search_term_string}"},"query-input":{"@type":"PropertyValueSpecification","valueRequired":true,"valueName":"search_term_string"}}],"inLanguage":"it-IT"},{"@type":"Organization","@id":"https:\/\/www.ausilium.it\/blog\/#organization","name":"Blog Ausilium.it","url":"https:\/\/www.ausilium.it\/blog\/","logo":{"@type":"ImageObject","inLanguage":"it-IT","@id":"https:\/\/www.ausilium.it\/blog\/#\/schema\/logo\/image\/","url":"https:\/\/www.ausilium.it\/blog\/wp-content\/uploads\/2021\/12\/cropped-cropped-blog-retina-logo-mobile.png","contentUrl":"https:\/\/www.ausilium.it\/blog\/wp-content\/uploads\/2021\/12\/cropped-cropped-blog-retina-logo-mobile.png","width":280,"height":73,"caption":"Blog Ausilium.it"},"image":{"@id":"https:\/\/www.ausilium.it\/blog\/#\/schema\/logo\/image\/"},"sameAs":["https:\/\/www.facebook.com\/Ausiliumsrl\/","https:\/\/x.com\/ausilium","https:\/\/www.youtube.com\/user\/Ausilium\/videos"]},{"@type":"Person","@id":"https:\/\/www.ausilium.it\/blog\/#\/schema\/person\/1d3201398b847bf23951a394f1414d72","name":"Ausilium","image":{"@type":"ImageObject","inLanguage":"it-IT","@id":"https:\/\/www.ausilium.it\/blog\/#\/schema\/person\/image\/","url":"https:\/\/www.ausilium.it\/blog\/wp-content\/uploads\/2022\/02\/logo-quadrato-100x100.png","contentUrl":"https:\/\/www.ausilium.it\/blog\/wp-content\/uploads\/2022\/02\/logo-quadrato-100x100.png","caption":"Ausilium"},"url":"https:\/\/www.ausilium.it\/blog\/author\/cecilia-grosso\/"}]}},"amp_enabled":true,"_links":{"self":[{"href":"https:\/\/www.ausilium.it\/blog\/wp-json\/wp\/v2\/posts\/7988"}],"collection":[{"href":"https:\/\/www.ausilium.it\/blog\/wp-json\/wp\/v2\/posts"}],"about":[{"href":"https:\/\/www.ausilium.it\/blog\/wp-json\/wp\/v2\/types\/post"}],"author":[{"embeddable":true,"href":"https:\/\/www.ausilium.it\/blog\/wp-json\/wp\/v2\/users\/8"}],"replies":[{"embeddable":true,"href":"https:\/\/www.ausilium.it\/blog\/wp-json\/wp\/v2\/comments?post=7988"}],"version-history":[{"count":7,"href":"https:\/\/www.ausilium.it\/blog\/wp-json\/wp\/v2\/posts\/7988\/revisions"}],"predecessor-version":[{"id":9495,"href":"https:\/\/www.ausilium.it\/blog\/wp-json\/wp\/v2\/posts\/7988\/revisions\/9495"}],"wp:featuredmedia":[{"embeddable":true,"href":"https:\/\/www.ausilium.it\/blog\/wp-json\/wp\/v2\/media\/7989"}],"wp:attachment":[{"href":"https:\/\/www.ausilium.it\/blog\/wp-json\/wp\/v2\/media?parent=7988"}],"wp:term":[{"taxonomy":"category","embeddable":true,"href":"https:\/\/www.ausilium.it\/blog\/wp-json\/wp\/v2\/categories?post=7988"},{"taxonomy":"post_tag","embeddable":true,"href":"https:\/\/www.ausilium.it\/blog\/wp-json\/wp\/v2\/tags?post=7988"}],"curies":[{"name":"wp","href":"https:\/\/api.w.org\/{rel}","templated":true}]}}