{"id":7974,"date":"2021-02-17T10:08:17","date_gmt":"2021-02-17T09:08:17","guid":{"rendered":"https:\/\/blog.ausilium.it\/?p=7974"},"modified":"2024-08-02T17:07:38","modified_gmt":"2024-08-02T15:07:38","slug":"anziani-e-mascherine-come-sentirsi-a-proprio-agio","status":"publish","type":"post","link":"https:\/\/www.ausilium.it\/blog\/anziani-e-mascherine-come-sentirsi-a-proprio-agio\/","title":{"rendered":"Anziani e mascherine: come sentirsi a proprio agio"},"content":{"rendered":"<h3><b>Aiutiamo gli anziani a scegliere le mascherine pi\u00f9 adatte e indossarle con convinzione.\u00a0<\/b><\/h3>\n<p><span style=\"font-weight: 400;\">Gli anziani sono <\/span><b>spesso restii ad indossare le mascherine<\/b><span style=\"font-weight: 400;\">: \u201csono fastidiose, gli occhiali si appannano, e poi servono davvero?\u201d. \u00c8 importante ribattere con <\/span><b>argomentazioni semplici ma chiare <\/b><span style=\"font-weight: 400;\">per spiegare sia l\u2019<\/span><span style=\"font-weight: 400;\">importanza delle mascherine<\/span><span style=\"font-weight: 400;\">, sia come indossarle nel modo pi\u00f9 efficace e comodo.\u00a0<\/span><\/p>\n<p><span style=\"font-weight: 400;\">Il <\/span><a href=\"http:\/\/www.salute.gov.it\/portale\/nuovocoronavirus\/dettaglioContenutiNuovoCoronavirus.jsp?lingua=italiano&amp;id=5416&amp;area=nuovoCoronavirus&amp;menu=vuoto\"><span style=\"font-weight: 400;\">Ministero della Salute<\/span><\/a><span style=\"font-weight: 400;\"> dedica ampio spazi sul proprio sito web per orientare proprio le persone anziane. <\/span><b>Gli anziani sono i pi\u00f9 pesantemente colpiti<\/b><span style=\"font-weight: 400;\"> dagli effetti del virus CoVid-19. Il tasso di mortalit\u00e0 totale del virus \u00e8 complessivamente basso, certo, ma l\u2019et\u00e0 avanzata lo alza in modo esponenziale, cos\u00ec come \u2013in base ai dati disponibili\u2013 eleva di molto quello di strascichi e conseguenze pesanti per la salute.\u00a0<\/span><\/p>\n<h4><b>Come usare la mascherina<\/b><\/h4>\n<p><span style=\"font-weight: 400;\">Non imponiamo semplicemente l\u2019uso della mascherina, ma spieghiamolo. <\/span><span style=\"font-weight: 400;\">Spieghiamo in modo semplice<\/span><span style=\"font-weight: 400;\"> la <\/span><b>differenza tra le mascherine e come indossarle<\/b><span style=\"font-weight: 400;\">. Per esempio, spesso gli occhiali si appannano perch\u00e9 la mascherina viene indossata in modo scorretto. Aiutiamo gli anziani a indossarle correttamente e a sovrapporre per esempio gli occhiali affinch\u00e9 si appannino meno facilmente.<\/span><\/p>\n<ul>\n<li aria-level=\"1\"><b>Naso e bocca, sempre coperti in presenza di altre persone<span style=\"font-weight: 400;\">! \u00c8 una delle maggiori difficolt\u00e0 o superficialit\u00e0 che si rilevano nell\u2019uso delle mascherine. E non solo da parte degli anziani. Il virus CoVid-19 <\/span>si trasmette tramite<\/b>\n<ul>\n<li style=\"font-weight: 400;\" aria-level=\"1\"><b>le goccioline di saliva<\/b><span style=\"font-weight: 400;\">, parlando, toccando superfici infette e portandosi alla bocca o agli occhi le mani non lavate\u00a0<\/span><\/li>\n<li style=\"font-weight: 400;\" aria-level=\"1\"><b>l\u2019effetto aerosol della respirazione<\/b><\/li>\n<\/ul>\n<\/li>\n<\/ul>\n<p><span style=\"font-weight: 400;\">Attenzione quindi a spiegare bene che <\/span><b>non arriva a noi o agli altri solo attraverso la bocca<\/b><span style=\"font-weight: 400;\">. Molti anziani lo pensano collegandosi al sintomo della mancanza di gusto. Spieghiamo loro bene che questo \u00e8 solo uno dei possibili sintomi.<\/span><\/p>\n<ul>\n<li style=\"font-weight: 400;\" aria-level=\"1\"><b>Non toccare continuamente la mascherina<\/b><span style=\"font-weight: 400;\">! Altra informazione importante da trasmettere ai nostro cari anziani \u00e8 quella di non toccare continuamente la mascherina:<\/span>\n<ul>\n<li style=\"font-weight: 400;\" aria-level=\"1\"><b>sulla superficie<\/b><span style=\"font-weight: 400;\"> potrebbe essersi adagiato il virus<\/span><\/li>\n<li style=\"font-weight: 400;\" aria-level=\"1\"><span style=\"font-weight: 400;\">potremmo portarlo noi <\/span><b>dopo aver toccato superfici infette<\/b><span style=\"font-weight: 400;\">\u00a0<\/span><\/li>\n<\/ul>\n<\/li>\n<\/ul>\n<p><span style=\"font-weight: 400;\">Ne deriva l\u2019importanza di <\/span><b>indossare subito bene la mascherina<\/b><span style=\"font-weight: 400;\"> per non aggiustarla continuamente, toccarla con mani potenzialmente sporche e soprattutto lavarle o <\/span><a href=\"https:\/\/www.ausilium.it\/gel-alcolico-disinfettante-lh-gel-mani.htm\"><span style=\"font-weight: 400;\">disinfettarle con un gel disinfettante<\/span><\/a><span style=\"font-weight: 400;\"> dopo averla tolta.\u00a0<\/span><\/p>\n<h4><b>Quante mascherine! Come scegliere le mascherine<\/b><\/h4>\n<p><span style=\"font-weight: 400;\">Ci sono varie tipologie di mascherine. Il mercato offre ormai una <\/span><span style=\"font-weight: 400;\">scelta vasta per adulti e anche per bambini<\/span><span style=\"font-weight: 400;\">. Possiamo quindi scegliere anche per gli anziani mascherine adatte a loro.<\/span><\/p>\n<h4><b>Mascherine Lavabili<\/b><\/h4>\n<p><span style=\"font-weight: 400;\">Le mascherine lavabili sono molto diffuse: <\/span><a href=\"https:\/\/blog.ausilium.it\/mascherine-lavabili-economiche-ecologiche-sicure\/\"><span style=\"font-weight: 400;\">sono comode, ecologiche ed economiche<\/span><\/a><span style=\"font-weight: 400;\">. \u00c8 per\u00f2 importante differenziare due tipi di mascherine lavabili:<\/span><\/p>\n<ul>\n<li aria-level=\"1\"><b><span style=\"font-weight: 400;\">Lavabili in tessuto<\/span> semplice non DPI<span style=\"font-weight: 400;\">: <\/span>aiutano in parte<span style=\"font-weight: 400;\"> a non trasmettere eventuali agenti patogeni, sono pi\u00f9 adatte ad un uso all\u2019aperto e distanziato<\/span><\/b><\/li>\n<li style=\"font-weight: 400;\" aria-level=\"1\"><a href=\"https:\/\/www.ausilium.it\/mascherina-facciale-protettiva.htm\"><span style=\"font-weight: 400;\">Lavabili con filtro di protezione<\/span><\/a><span style=\"font-weight: 400;\">: <\/span><b>sono un dispositivo medico, un DPI<\/b><span style=\"font-weight: 400;\"> poich\u00e9 contengono una <\/span><b>membrana protettiva<\/b><span style=\"font-weight: 400;\"> tra i tessuti che garantisce un <\/span><b>grado di filtrazione<\/b><span style=\"font-weight: 400;\"> pari o superiore al 95%.<\/span><\/li>\n<\/ul>\n<h4><b>Mascherine Chirurgiche\u00a0<\/b><\/h4>\n<p><span style=\"font-weight: 400;\">Le mascherine chirurgiche monouso sono le mascherine pi\u00f9 utilizzate. \u00c8 importante far comprendere che vanno gettate dopo l\u2019uso. A differenza di quelle lavabili, le <\/span><span style=\"font-weight: 400;\">mascherine chirurgiche<\/span> <b>sono monouso non possono essere riutilizzate<\/b><span style=\"font-weight: 400;\"> e igienizzate.<\/span><\/p>\n<h4><b>Mascherine FFP2<\/b><\/h4>\n<p><span style=\"font-weight: 400;\">Anche le <\/span><span style=\"font-weight: 400;\">mascherine FFP2 sono mascherine monouso<\/span><span style=\"font-weight: 400;\">, come le mascherine chirurgiche. Spieghiamo ai nostri cari anziani che le mascherine FFP2 offrono una protezione decisamente elevata soprattutto in ambienti chiusi in cui ci sia fondato timore di presenza di virus.<\/span><\/p>\n<p><span style=\"font-weight: 400;\">Le mascherine FFP2 <\/span><span style=\"font-weight: 400;\">sono infatti dotate di filtri<\/span><span style=\"font-weight: 400;\"> interni <\/span><b>antiparticolato molto efficaci<\/b><span style=\"font-weight: 400;\">.<\/span><\/p>\n","protected":false},"excerpt":{"rendered":"<p>Aiutiamo gli anziani a scegliere le mascherine pi\u00f9 adatte e indossarle con convinzione.\u00a0 Gli anziani sono spesso restii ad indossare [&hellip;]<\/p>\n","protected":false},"author":8,"featured_media":7975,"comment_status":"closed","ping_status":"open","sticky":false,"template":"","format":"standard","meta":{"_acf_changed":false,"site-sidebar-layout":"default","site-content-layout":"","ast-site-content-layout":"default","site-content-style":"default","site-sidebar-style":"default","ast-global-header-display":"","ast-banner-title-visibility":"","ast-main-header-display":"","ast-hfb-above-header-display":"","ast-hfb-below-header-display":"","ast-hfb-mobile-header-display":"","site-post-title":"","ast-breadcrumbs-content":"","ast-featured-img":"","footer-sml-layout":"","theme-transparent-header-meta":"default","adv-header-id-meta":"","stick-header-meta":"","header-above-stick-meta":"","header-main-stick-meta":"","header-below-stick-meta":"","astra-migrate-meta-layouts":"set","ast-page-background-enabled":"default","ast-page-background-meta":{"desktop":{"background-color":"var(--ast-global-color-4)","background-image":"","background-repeat":"repeat","background-position":"center center","background-size":"auto","background-attachment":"scroll","background-type":"","background-media":"","overlay-type":"","overlay-color":"","overlay-opacity":"","overlay-gradient":""},"tablet":{"background-color":"","background-image":"","background-repeat":"repeat","background-position":"center center","background-size":"auto","background-attachment":"scroll","background-type":"","background-media":"","overlay-type":"","overlay-color":"","overlay-opacity":"","overlay-gradient":""},"mobile":{"background-color":"","background-image":"","background-repeat":"repeat","background-position":"center center","background-size":"auto","background-attachment":"scroll","background-type":"","background-media":"","overlay-type":"","overlay-color":"","overlay-opacity":"","overlay-gradient":""}},"ast-content-background-meta":{"desktop":{"background-color":"var(--ast-global-color-5)","background-image":"","background-repeat":"repeat","background-position":"center center","background-size":"auto","background-attachment":"scroll","background-type":"","background-media":"","overlay-type":"","overlay-color":"","overlay-opacity":"","overlay-gradient":""},"tablet":{"background-color":"var(--ast-global-color-5)","background-image":"","background-repeat":"repeat","background-position":"center center","background-size":"auto","background-attachment":"scroll","background-type":"","background-media":"","overlay-type":"","overlay-color":"","overlay-opacity":"","overlay-gradient":""},"mobile":{"background-color":"var(--ast-global-color-5)","background-image":"","background-repeat":"repeat","background-position":"center center","background-size":"auto","background-attachment":"scroll","background-type":"","background-media":"","overlay-type":"","overlay-color":"","overlay-opacity":"","overlay-gradient":""}},"footnotes":""},"categories":[17,3],"tags":[105,686,752,723,753,858,763,856,761,855,857,687,39,56],"class_list":["post-7974","post","type-post","status-publish","format-standard","has-post-thumbnail","hentry","category-disabili-e-anziani","category-salute","tag-anziani","tag-coronavirus","tag-covid","tag-covid-19","tag-covid19","tag-dispositivi-di-prevenzione-individuale","tag-dpi","tag-ffp2","tag-mascherine","tag-mascherine-chirurgiche","tag-mascherine-lavabili","tag-ministero-della-salute","tag-prevenzione","tag-salute"],"acf":[],"yoast_head":"<!-- This site is optimized with the Yoast SEO plugin v25.5 - https:\/\/yoast.com\/wordpress\/plugins\/seo\/ -->\n<title>Anziani e mascherine: come sentirsi a proprio agio -<\/title>\n<meta name=\"description\" content=\"Aiutiamo gli anziani a scegliere le mascherine pi\u00f9 adatte e indossarle con convinzione.\u00a0 Gli anziani sono spesso restii ad indossare le mascherine: \u201csono\" \/>\n<meta name=\"robots\" content=\"index, follow, max-snippet:-1, max-image-preview:large, max-video-preview:-1\" \/>\n<link rel=\"canonical\" href=\"https:\/\/www.ausilium.it\/blog\/anziani-e-mascherine-come-sentirsi-a-proprio-agio\/\" \/>\n<meta property=\"og:locale\" content=\"it_IT\" \/>\n<meta property=\"og:type\" content=\"article\" \/>\n<meta property=\"og:title\" content=\"Anziani e mascherine: come sentirsi a proprio agio -\" \/>\n<meta property=\"og:description\" content=\"Aiutiamo gli anziani a scegliere le mascherine pi\u00f9 adatte e indossarle con convinzione.\u00a0 Gli anziani sono spesso restii ad indossare le mascherine: \u201csono\" \/>\n<meta property=\"og:url\" content=\"https:\/\/www.ausilium.it\/blog\/anziani-e-mascherine-come-sentirsi-a-proprio-agio\/\" \/>\n<meta property=\"og:site_name\" content=\"Blog \u2013 Ausilium.it\" \/>\n<meta property=\"article:publisher\" content=\"https:\/\/www.facebook.com\/Ausiliumsrl\/\" \/>\n<meta property=\"article:published_time\" content=\"2021-02-17T09:08:17+00:00\" \/>\n<meta property=\"article:modified_time\" content=\"2024-08-02T15:07:38+00:00\" \/>\n<meta property=\"og:image\" content=\"https:\/\/www.ausilium.it\/blog\/wp-content\/uploads\/2021\/02\/4.jpg\" \/>\n\t<meta property=\"og:image:width\" content=\"2050\" \/>\n\t<meta property=\"og:image:height\" content=\"780\" \/>\n\t<meta property=\"og:image:type\" content=\"image\/jpeg\" \/>\n<meta name=\"author\" content=\"Ausilium\" \/>\n<meta name=\"twitter:card\" content=\"summary_large_image\" \/>\n<meta name=\"twitter:creator\" content=\"@ausilium\" \/>\n<meta name=\"twitter:site\" content=\"@ausilium\" \/>\n<meta name=\"twitter:label1\" content=\"Scritto da\" \/>\n\t<meta name=\"twitter:data1\" content=\"Ausilium\" \/>\n\t<meta name=\"twitter:label2\" content=\"Tempo di lettura stimato\" \/>\n\t<meta name=\"twitter:data2\" content=\"4 minuti\" \/>\n<script type=\"application\/ld+json\" class=\"yoast-schema-graph\">{\"@context\":\"https:\/\/schema.org\",\"@graph\":[{\"@type\":\"Article\",\"@id\":\"https:\/\/www.ausilium.it\/blog\/anziani-e-mascherine-come-sentirsi-a-proprio-agio\/#article\",\"isPartOf\":{\"@id\":\"https:\/\/www.ausilium.it\/blog\/anziani-e-mascherine-come-sentirsi-a-proprio-agio\/\"},\"author\":{\"name\":\"Ausilium\",\"@id\":\"https:\/\/www.ausilium.it\/blog\/#\/schema\/person\/1d3201398b847bf23951a394f1414d72\"},\"headline\":\"Anziani e mascherine: come sentirsi a proprio agio\",\"datePublished\":\"2021-02-17T09:08:17+00:00\",\"dateModified\":\"2024-08-02T15:07:38+00:00\",\"mainEntityOfPage\":{\"@id\":\"https:\/\/www.ausilium.it\/blog\/anziani-e-mascherine-come-sentirsi-a-proprio-agio\/\"},\"wordCount\":553,\"publisher\":{\"@id\":\"https:\/\/www.ausilium.it\/blog\/#organization\"},\"image\":{\"@id\":\"https:\/\/www.ausilium.it\/blog\/anziani-e-mascherine-come-sentirsi-a-proprio-agio\/#primaryimage\"},\"thumbnailUrl\":\"https:\/\/www.ausilium.it\/blog\/wp-content\/uploads\/2021\/02\/4.jpg\",\"keywords\":[\"anziani\",\"coronavirus\",\"covid\",\"covid-19\",\"covid19\",\"Dispositivi di prevenzione individuale\",\"DPI\",\"FFP2\",\"mascherine\",\"mascherine chirurgiche\",\"mascherine lavabili\",\"ministero della salute\",\"prevenzione\",\"salute\"],\"articleSection\":[\"Disabili e Anziani\",\"Salute\"],\"inLanguage\":\"it-IT\"},{\"@type\":\"WebPage\",\"@id\":\"https:\/\/www.ausilium.it\/blog\/anziani-e-mascherine-come-sentirsi-a-proprio-agio\/\",\"url\":\"https:\/\/www.ausilium.it\/blog\/anziani-e-mascherine-come-sentirsi-a-proprio-agio\/\",\"name\":\"Anziani e mascherine: come sentirsi a proprio agio -\",\"isPartOf\":{\"@id\":\"https:\/\/www.ausilium.it\/blog\/#website\"},\"primaryImageOfPage\":{\"@id\":\"https:\/\/www.ausilium.it\/blog\/anziani-e-mascherine-come-sentirsi-a-proprio-agio\/#primaryimage\"},\"image\":{\"@id\":\"https:\/\/www.ausilium.it\/blog\/anziani-e-mascherine-come-sentirsi-a-proprio-agio\/#primaryimage\"},\"thumbnailUrl\":\"https:\/\/www.ausilium.it\/blog\/wp-content\/uploads\/2021\/02\/4.jpg\",\"datePublished\":\"2021-02-17T09:08:17+00:00\",\"dateModified\":\"2024-08-02T15:07:38+00:00\",\"description\":\"Aiutiamo gli anziani a scegliere le mascherine pi\u00f9 adatte e indossarle con convinzione.\u00a0 Gli anziani sono spesso restii ad indossare le mascherine: \u201csono\",\"breadcrumb\":{\"@id\":\"https:\/\/www.ausilium.it\/blog\/anziani-e-mascherine-come-sentirsi-a-proprio-agio\/#breadcrumb\"},\"inLanguage\":\"it-IT\",\"potentialAction\":[{\"@type\":\"ReadAction\",\"target\":[\"https:\/\/www.ausilium.it\/blog\/anziani-e-mascherine-come-sentirsi-a-proprio-agio\/\"]}]},{\"@type\":\"ImageObject\",\"inLanguage\":\"it-IT\",\"@id\":\"https:\/\/www.ausilium.it\/blog\/anziani-e-mascherine-come-sentirsi-a-proprio-agio\/#primaryimage\",\"url\":\"https:\/\/www.ausilium.it\/blog\/wp-content\/uploads\/2021\/02\/4.jpg\",\"contentUrl\":\"https:\/\/www.ausilium.it\/blog\/wp-content\/uploads\/2021\/02\/4.jpg\",\"width\":2050,\"height\":780,\"caption\":\"Anziani e mascherine. Come sentirsi a proprio agio.\"},{\"@type\":\"BreadcrumbList\",\"@id\":\"https:\/\/www.ausilium.it\/blog\/anziani-e-mascherine-come-sentirsi-a-proprio-agio\/#breadcrumb\",\"itemListElement\":[{\"@type\":\"ListItem\",\"position\":1,\"name\":\"Home\",\"item\":\"https:\/\/www.ausilium.it\/blog\/\"},{\"@type\":\"ListItem\",\"position\":2,\"name\":\"Anziani e mascherine: come sentirsi a proprio agio\"}]},{\"@type\":\"WebSite\",\"@id\":\"https:\/\/www.ausilium.it\/blog\/#website\",\"url\":\"https:\/\/www.ausilium.it\/blog\/\",\"name\":\"Blog \u2013 Ausilium.it\",\"description\":\"Scopri il Blog Salute di Ausilium per ottenere approfondimenti esperti su benessere, consigli medici e migliori prodotti. La tua guida definitiva per una vita sana.\",\"publisher\":{\"@id\":\"https:\/\/www.ausilium.it\/blog\/#organization\"},\"potentialAction\":[{\"@type\":\"SearchAction\",\"target\":{\"@type\":\"EntryPoint\",\"urlTemplate\":\"https:\/\/www.ausilium.it\/blog\/?s={search_term_string}\"},\"query-input\":{\"@type\":\"PropertyValueSpecification\",\"valueRequired\":true,\"valueName\":\"search_term_string\"}}],\"inLanguage\":\"it-IT\"},{\"@type\":\"Organization\",\"@id\":\"https:\/\/www.ausilium.it\/blog\/#organization\",\"name\":\"Blog Ausilium.it\",\"url\":\"https:\/\/www.ausilium.it\/blog\/\",\"logo\":{\"@type\":\"ImageObject\",\"inLanguage\":\"it-IT\",\"@id\":\"https:\/\/www.ausilium.it\/blog\/#\/schema\/logo\/image\/\",\"url\":\"https:\/\/www.ausilium.it\/blog\/wp-content\/uploads\/2021\/12\/cropped-cropped-blog-retina-logo-mobile.png\",\"contentUrl\":\"https:\/\/www.ausilium.it\/blog\/wp-content\/uploads\/2021\/12\/cropped-cropped-blog-retina-logo-mobile.png\",\"width\":280,\"height\":73,\"caption\":\"Blog Ausilium.it\"},\"image\":{\"@id\":\"https:\/\/www.ausilium.it\/blog\/#\/schema\/logo\/image\/\"},\"sameAs\":[\"https:\/\/www.facebook.com\/Ausiliumsrl\/\",\"https:\/\/x.com\/ausilium\",\"https:\/\/www.youtube.com\/user\/Ausilium\/videos\"]},{\"@type\":\"Person\",\"@id\":\"https:\/\/www.ausilium.it\/blog\/#\/schema\/person\/1d3201398b847bf23951a394f1414d72\",\"name\":\"Ausilium\",\"image\":{\"@type\":\"ImageObject\",\"inLanguage\":\"it-IT\",\"@id\":\"https:\/\/www.ausilium.it\/blog\/#\/schema\/person\/image\/\",\"url\":\"https:\/\/www.ausilium.it\/blog\/wp-content\/uploads\/2022\/02\/logo-quadrato-100x100.png\",\"contentUrl\":\"https:\/\/www.ausilium.it\/blog\/wp-content\/uploads\/2022\/02\/logo-quadrato-100x100.png\",\"caption\":\"Ausilium\"},\"url\":\"https:\/\/www.ausilium.it\/blog\/author\/cecilia-grosso\/\"}]}<\/script>\n<!-- \/ Yoast SEO plugin. -->","yoast_head_json":{"title":"Anziani e mascherine: come sentirsi a proprio agio -","description":"Aiutiamo gli anziani a scegliere le mascherine pi\u00f9 adatte e indossarle con convinzione.\u00a0 Gli anziani sono spesso restii ad indossare le mascherine: \u201csono","robots":{"index":"index","follow":"follow","max-snippet":"max-snippet:-1","max-image-preview":"max-image-preview:large","max-video-preview":"max-video-preview:-1"},"canonical":"https:\/\/www.ausilium.it\/blog\/anziani-e-mascherine-come-sentirsi-a-proprio-agio\/","og_locale":"it_IT","og_type":"article","og_title":"Anziani e mascherine: come sentirsi a proprio agio -","og_description":"Aiutiamo gli anziani a scegliere le mascherine pi\u00f9 adatte e indossarle con convinzione.\u00a0 Gli anziani sono spesso restii ad indossare le mascherine: \u201csono","og_url":"https:\/\/www.ausilium.it\/blog\/anziani-e-mascherine-come-sentirsi-a-proprio-agio\/","og_site_name":"Blog \u2013 Ausilium.it","article_publisher":"https:\/\/www.facebook.com\/Ausiliumsrl\/","article_published_time":"2021-02-17T09:08:17+00:00","article_modified_time":"2024-08-02T15:07:38+00:00","og_image":[{"width":2050,"height":780,"url":"https:\/\/www.ausilium.it\/blog\/wp-content\/uploads\/2021\/02\/4.jpg","type":"image\/jpeg"}],"author":"Ausilium","twitter_card":"summary_large_image","twitter_creator":"@ausilium","twitter_site":"@ausilium","twitter_misc":{"Scritto da":"Ausilium","Tempo di lettura stimato":"4 minuti"},"schema":{"@context":"https:\/\/schema.org","@graph":[{"@type":"Article","@id":"https:\/\/www.ausilium.it\/blog\/anziani-e-mascherine-come-sentirsi-a-proprio-agio\/#article","isPartOf":{"@id":"https:\/\/www.ausilium.it\/blog\/anziani-e-mascherine-come-sentirsi-a-proprio-agio\/"},"author":{"name":"Ausilium","@id":"https:\/\/www.ausilium.it\/blog\/#\/schema\/person\/1d3201398b847bf23951a394f1414d72"},"headline":"Anziani e mascherine: come sentirsi a proprio agio","datePublished":"2021-02-17T09:08:17+00:00","dateModified":"2024-08-02T15:07:38+00:00","mainEntityOfPage":{"@id":"https:\/\/www.ausilium.it\/blog\/anziani-e-mascherine-come-sentirsi-a-proprio-agio\/"},"wordCount":553,"publisher":{"@id":"https:\/\/www.ausilium.it\/blog\/#organization"},"image":{"@id":"https:\/\/www.ausilium.it\/blog\/anziani-e-mascherine-come-sentirsi-a-proprio-agio\/#primaryimage"},"thumbnailUrl":"https:\/\/www.ausilium.it\/blog\/wp-content\/uploads\/2021\/02\/4.jpg","keywords":["anziani","coronavirus","covid","covid-19","covid19","Dispositivi di prevenzione individuale","DPI","FFP2","mascherine","mascherine chirurgiche","mascherine lavabili","ministero della salute","prevenzione","salute"],"articleSection":["Disabili e Anziani","Salute"],"inLanguage":"it-IT"},{"@type":"WebPage","@id":"https:\/\/www.ausilium.it\/blog\/anziani-e-mascherine-come-sentirsi-a-proprio-agio\/","url":"https:\/\/www.ausilium.it\/blog\/anziani-e-mascherine-come-sentirsi-a-proprio-agio\/","name":"Anziani e mascherine: come sentirsi a proprio agio -","isPartOf":{"@id":"https:\/\/www.ausilium.it\/blog\/#website"},"primaryImageOfPage":{"@id":"https:\/\/www.ausilium.it\/blog\/anziani-e-mascherine-come-sentirsi-a-proprio-agio\/#primaryimage"},"image":{"@id":"https:\/\/www.ausilium.it\/blog\/anziani-e-mascherine-come-sentirsi-a-proprio-agio\/#primaryimage"},"thumbnailUrl":"https:\/\/www.ausilium.it\/blog\/wp-content\/uploads\/2021\/02\/4.jpg","datePublished":"2021-02-17T09:08:17+00:00","dateModified":"2024-08-02T15:07:38+00:00","description":"Aiutiamo gli anziani a scegliere le mascherine pi\u00f9 adatte e indossarle con convinzione.\u00a0 Gli anziani sono spesso restii ad indossare le mascherine: \u201csono","breadcrumb":{"@id":"https:\/\/www.ausilium.it\/blog\/anziani-e-mascherine-come-sentirsi-a-proprio-agio\/#breadcrumb"},"inLanguage":"it-IT","potentialAction":[{"@type":"ReadAction","target":["https:\/\/www.ausilium.it\/blog\/anziani-e-mascherine-come-sentirsi-a-proprio-agio\/"]}]},{"@type":"ImageObject","inLanguage":"it-IT","@id":"https:\/\/www.ausilium.it\/blog\/anziani-e-mascherine-come-sentirsi-a-proprio-agio\/#primaryimage","url":"https:\/\/www.ausilium.it\/blog\/wp-content\/uploads\/2021\/02\/4.jpg","contentUrl":"https:\/\/www.ausilium.it\/blog\/wp-content\/uploads\/2021\/02\/4.jpg","width":2050,"height":780,"caption":"Anziani e mascherine. Come sentirsi a proprio agio."},{"@type":"BreadcrumbList","@id":"https:\/\/www.ausilium.it\/blog\/anziani-e-mascherine-come-sentirsi-a-proprio-agio\/#breadcrumb","itemListElement":[{"@type":"ListItem","position":1,"name":"Home","item":"https:\/\/www.ausilium.it\/blog\/"},{"@type":"ListItem","position":2,"name":"Anziani e mascherine: come sentirsi a proprio agio"}]},{"@type":"WebSite","@id":"https:\/\/www.ausilium.it\/blog\/#website","url":"https:\/\/www.ausilium.it\/blog\/","name":"Blog \u2013 Ausilium.it","description":"Scopri il Blog Salute di Ausilium per ottenere approfondimenti esperti su benessere, consigli medici e migliori prodotti. La tua guida definitiva per una vita sana.","publisher":{"@id":"https:\/\/www.ausilium.it\/blog\/#organization"},"potentialAction":[{"@type":"SearchAction","target":{"@type":"EntryPoint","urlTemplate":"https:\/\/www.ausilium.it\/blog\/?s={search_term_string}"},"query-input":{"@type":"PropertyValueSpecification","valueRequired":true,"valueName":"search_term_string"}}],"inLanguage":"it-IT"},{"@type":"Organization","@id":"https:\/\/www.ausilium.it\/blog\/#organization","name":"Blog Ausilium.it","url":"https:\/\/www.ausilium.it\/blog\/","logo":{"@type":"ImageObject","inLanguage":"it-IT","@id":"https:\/\/www.ausilium.it\/blog\/#\/schema\/logo\/image\/","url":"https:\/\/www.ausilium.it\/blog\/wp-content\/uploads\/2021\/12\/cropped-cropped-blog-retina-logo-mobile.png","contentUrl":"https:\/\/www.ausilium.it\/blog\/wp-content\/uploads\/2021\/12\/cropped-cropped-blog-retina-logo-mobile.png","width":280,"height":73,"caption":"Blog Ausilium.it"},"image":{"@id":"https:\/\/www.ausilium.it\/blog\/#\/schema\/logo\/image\/"},"sameAs":["https:\/\/www.facebook.com\/Ausiliumsrl\/","https:\/\/x.com\/ausilium","https:\/\/www.youtube.com\/user\/Ausilium\/videos"]},{"@type":"Person","@id":"https:\/\/www.ausilium.it\/blog\/#\/schema\/person\/1d3201398b847bf23951a394f1414d72","name":"Ausilium","image":{"@type":"ImageObject","inLanguage":"it-IT","@id":"https:\/\/www.ausilium.it\/blog\/#\/schema\/person\/image\/","url":"https:\/\/www.ausilium.it\/blog\/wp-content\/uploads\/2022\/02\/logo-quadrato-100x100.png","contentUrl":"https:\/\/www.ausilium.it\/blog\/wp-content\/uploads\/2022\/02\/logo-quadrato-100x100.png","caption":"Ausilium"},"url":"https:\/\/www.ausilium.it\/blog\/author\/cecilia-grosso\/"}]}},"amp_enabled":true,"_links":{"self":[{"href":"https:\/\/www.ausilium.it\/blog\/wp-json\/wp\/v2\/posts\/7974"}],"collection":[{"href":"https:\/\/www.ausilium.it\/blog\/wp-json\/wp\/v2\/posts"}],"about":[{"href":"https:\/\/www.ausilium.it\/blog\/wp-json\/wp\/v2\/types\/post"}],"author":[{"embeddable":true,"href":"https:\/\/www.ausilium.it\/blog\/wp-json\/wp\/v2\/users\/8"}],"replies":[{"embeddable":true,"href":"https:\/\/www.ausilium.it\/blog\/wp-json\/wp\/v2\/comments?post=7974"}],"version-history":[{"count":6,"href":"https:\/\/www.ausilium.it\/blog\/wp-json\/wp\/v2\/posts\/7974\/revisions"}],"predecessor-version":[{"id":9427,"href":"https:\/\/www.ausilium.it\/blog\/wp-json\/wp\/v2\/posts\/7974\/revisions\/9427"}],"wp:featuredmedia":[{"embeddable":true,"href":"https:\/\/www.ausilium.it\/blog\/wp-json\/wp\/v2\/media\/7975"}],"wp:attachment":[{"href":"https:\/\/www.ausilium.it\/blog\/wp-json\/wp\/v2\/media?parent=7974"}],"wp:term":[{"taxonomy":"category","embeddable":true,"href":"https:\/\/www.ausilium.it\/blog\/wp-json\/wp\/v2\/categories?post=7974"},{"taxonomy":"post_tag","embeddable":true,"href":"https:\/\/www.ausilium.it\/blog\/wp-json\/wp\/v2\/tags?post=7974"}],"curies":[{"name":"wp","href":"https:\/\/api.w.org\/{rel}","templated":true}]}}