{"id":7845,"date":"2020-06-09T09:00:58","date_gmt":"2020-06-09T07:00:58","guid":{"rendered":"https:\/\/blog.ausilium.it\/?p=7845"},"modified":"2024-08-22T15:02:57","modified_gmt":"2024-08-22T13:02:57","slug":"la-disabilita-nel-cinema-comee-rappresentata-come-puo-essere-educativa","status":"publish","type":"post","link":"https:\/\/www.ausilium.it\/blog\/la-disabilita-nel-cinema-comee-rappresentata-come-puo-essere-educativa\/","title":{"rendered":"La disabilit\u00e0 nel cinema: come \u00e8 rappresentata e come pu\u00f2 essere educativa?"},"content":{"rendered":"<h3><b>Dalla cecit\u00e0, alla sordit\u00e0, alla paraplegia, alla Sindrome di Asperger, la disabilit\u00e0 nel cinema ha successo ed \u00e8 educativa<\/b><\/h3>\n<p><span style=\"font-weight: 400;\">Il primo film sulla disabilit\u00e0 nel cinema rimasto nella memoria, anche per il successo da Oscar, fu <\/span><i><span style=\"font-weight: 400;\">Anna dei miracoli<\/span><\/i><span style=\"font-weight: 400;\">, del 1962. Racconta i progressi che l\u2019insegnante Anna Sullivan fece fare alla ragazza sordo-cieca Helen Keller. Da l\u00ec in poi numerose pellicole hanno messo a fuoco la disabilit\u00e0. Questo ha permesso di far conoscere potenzialit\u00e0 e valore dei disabili e avviare un dialogo educativo con i giovani.<\/span><\/p>\n<h4><b>Handicap e diversit\u00e0: buonismo e commiserazione\u00a0<\/b><\/h4>\n<p><span style=\"font-weight: 400;\">I film pi\u00f9 vecchi mostravano la disabilit\u00e0 nel cinema soprattutto con occhio di buonismo e commiserazione. Si poneva il focus da un lato sulla diversit\u00e0 e dall&#8217;altro sulla commiserazione e autocommiserazione.<\/span><span style=\"font-weight: 400;\">\u00a0Dalle pellicole emergeva spesso un buonismo poco convincente.\u00a0<\/span><\/p>\n<p><span style=\"font-weight: 400;\">La <\/span><a href=\"https:\/\/www.ausilium.it\/ausili-per-l-udito.htm\"><span style=\"font-weight: 400;\">sordit\u00e0<\/span><\/a><span style=\"font-weight: 400;\">, la cecit\u00e0 e gli <\/span><a href=\"https:\/\/www.ausilium.it\/ottica.htm\"><span style=\"font-weight: 400;\">handicap visivi<\/span><\/a><span style=\"font-weight: 400;\">, la <\/span><a href=\"https:\/\/www.ausilium.it\/disabili-e-anziani.htm\"><span style=\"font-weight: 400;\">difficolt\u00e0 motoria<\/span><\/a><span style=\"font-weight: 400;\"> o psichica sono stati spesso raccontati con superficialit\u00e0. I registi non hanno lasciato spesso <\/span><b>spazio ad un racconto aperto al futuro<\/b><span style=\"font-weight: 400;\"> e al senso di opportunit\u00e0 e vera rivincita.<\/span><\/p>\n<p><a href=\"https:\/\/blog.ausilium.it\/autismo-conoscere-ed-aiutare-la-giornata-mondiale-per-la-consapevolezza-sullautismo-promuove-la-conoscenza-di-attivita-e-soluzioni-concrete\/\"><span style=\"font-weight: 400;\">Dall\u2019autismo<\/span><\/a><span style=\"font-weight: 400;\"> come disabilit\u00e0 di cui approfittarsi, come in <\/span><i><span style=\"font-weight: 400;\">Tim-un uomo da <\/span><\/i><span style=\"font-weight: 400;\">odiare, una delle prime pellicole di Mel Gibson, molto \u00e8 cambiato il modo in cui viene proposta la disabilit\u00e0 nel cinema.<\/span><\/p>\n<h4><b>Difficolt\u00e0 e opportunit\u00e0: handicap e quotidianit\u00e0<\/b><\/h4>\n<p><span style=\"font-weight: 400;\">La maturazione nella cultura sociale e nelle <\/span><a href=\"https:\/\/blog.ausilium.it\/legge-104-cosa-prevede-chi-puo-richiederla\/\"><span style=\"font-weight: 400;\">legislazioni pubbliche<\/span><\/a><span style=\"font-weight: 400;\"> ha contribuito fortemente a far guardare diversamente alla disabilit\u00e0 nel cinema: una difficolt\u00e0 che <\/span><b>pu\u00f2 essere affrontata insieme a parenti, amici <\/b><span style=\"font-weight: 400;\">e supporti esterni.<\/span><\/p>\n<p><span style=\"font-weight: 400;\">Anche i molti progressi nella disponibilit\u00e0 di <\/span><a href=\"https:\/\/www.ausilium.it\/disabili-e-anziani.htm\"><span style=\"font-weight: 400;\">ausili per la disabilit\u00e0<\/span><\/a><span style=\"font-weight: 400;\"> ha avuto un peso nel mostrare la disabilit\u00e0 come una condizione che pu\u00f2 avere una propria normalit\u00e0. <\/span><\/p>\n<p><span style=\"font-weight: 400;\">Tra i film che pi\u00f9 di recente hanno dato spazio ad <\/span><b>una visione della disabilit\u00e0 autentica <\/b><b>con amplissimi squarci di ironia<\/b><span style=\"font-weight: 400;\"> c\u2019\u00e8 <\/span><i><span style=\"font-weight: 400;\">Quasi amici<\/span><\/i><span style=\"font-weight: 400;\">. Il film francese \u00e8 ispirato ad una storia vera e associa anche abilmente il tema dell\u2019handicap a quello del razzismo.<\/span><\/p>\n","protected":false},"excerpt":{"rendered":"<p>Dalla cecit\u00e0, alla sordit\u00e0, alla paraplegia, alla Sindrome di Asperger, la disabilit\u00e0 nel cinema ha successo ed \u00e8 educativa Il [&hellip;]<\/p>\n","protected":false},"author":8,"featured_media":7846,"comment_status":"closed","ping_status":"open","sticky":false,"template":"","format":"standard","meta":{"_acf_changed":false,"site-sidebar-layout":"default","site-content-layout":"","ast-site-content-layout":"default","site-content-style":"default","site-sidebar-style":"default","ast-global-header-display":"","ast-banner-title-visibility":"","ast-main-header-display":"","ast-hfb-above-header-display":"","ast-hfb-below-header-display":"","ast-hfb-mobile-header-display":"","site-post-title":"","ast-breadcrumbs-content":"","ast-featured-img":"","footer-sml-layout":"","theme-transparent-header-meta":"default","adv-header-id-meta":"","stick-header-meta":"","header-above-stick-meta":"","header-main-stick-meta":"","header-below-stick-meta":"","astra-migrate-meta-layouts":"set","ast-page-background-enabled":"default","ast-page-background-meta":{"desktop":{"background-color":"var(--ast-global-color-4)","background-image":"","background-repeat":"repeat","background-position":"center center","background-size":"auto","background-attachment":"scroll","background-type":"","background-media":"","overlay-type":"","overlay-color":"","overlay-opacity":"","overlay-gradient":""},"tablet":{"background-color":"","background-image":"","background-repeat":"repeat","background-position":"center center","background-size":"auto","background-attachment":"scroll","background-type":"","background-media":"","overlay-type":"","overlay-color":"","overlay-opacity":"","overlay-gradient":""},"mobile":{"background-color":"","background-image":"","background-repeat":"repeat","background-position":"center center","background-size":"auto","background-attachment":"scroll","background-type":"","background-media":"","overlay-type":"","overlay-color":"","overlay-opacity":"","overlay-gradient":""}},"ast-content-background-meta":{"desktop":{"background-color":"var(--ast-global-color-5)","background-image":"","background-repeat":"repeat","background-position":"center center","background-size":"auto","background-attachment":"scroll","background-type":"","background-media":"","overlay-type":"","overlay-color":"","overlay-opacity":"","overlay-gradient":""},"tablet":{"background-color":"var(--ast-global-color-5)","background-image":"","background-repeat":"repeat","background-position":"center center","background-size":"auto","background-attachment":"scroll","background-type":"","background-media":"","overlay-type":"","overlay-color":"","overlay-opacity":"","overlay-gradient":""},"mobile":{"background-color":"var(--ast-global-color-5)","background-image":"","background-repeat":"repeat","background-position":"center center","background-size":"auto","background-attachment":"scroll","background-type":"","background-media":"","overlay-type":"","overlay-color":"","overlay-opacity":"","overlay-gradient":""}},"footnotes":""},"categories":[17,1189],"tags":[765,767,36,143,769,766,768,735],"class_list":["post-7845","post","type-post","status-publish","format-standard","has-post-thumbnail","hentry","category-disabili-e-anziani","category-sport-e-tempo-libero","tag-cinema","tag-cinematografia","tag-disabili","tag-disabilita","tag-diversita","tag-film","tag-handicap","tag-inclusione"],"acf":[],"yoast_head":"<!-- This site is optimized with the Yoast SEO plugin v25.5 - https:\/\/yoast.com\/wordpress\/plugins\/seo\/ -->\n<title>La disabilit\u00e0 nel cinema: come \u00e8 rappresentata e come pu\u00f2 essere educativa? -<\/title>\n<meta name=\"description\" content=\"Dalla cecit\u00e0, alla sordit\u00e0, alla paraplegia, alla Sindrome di Asperger, la disabilit\u00e0 nel cinema ha successo ed \u00e8 educativa Il primo film sulla disabilit\u00e0\" \/>\n<meta name=\"robots\" content=\"index, follow, max-snippet:-1, max-image-preview:large, max-video-preview:-1\" \/>\n<link rel=\"canonical\" href=\"https:\/\/www.ausilium.it\/blog\/la-disabilita-nel-cinema-comee-rappresentata-come-puo-essere-educativa\/\" \/>\n<meta property=\"og:locale\" content=\"it_IT\" \/>\n<meta property=\"og:type\" content=\"article\" \/>\n<meta property=\"og:title\" content=\"La disabilit\u00e0 nel cinema: come \u00e8 rappresentata e come pu\u00f2 essere educativa? -\" \/>\n<meta property=\"og:description\" content=\"Dalla cecit\u00e0, alla sordit\u00e0, alla paraplegia, alla Sindrome di Asperger, la disabilit\u00e0 nel cinema ha successo ed \u00e8 educativa Il primo film sulla disabilit\u00e0\" \/>\n<meta property=\"og:url\" content=\"https:\/\/www.ausilium.it\/blog\/la-disabilita-nel-cinema-comee-rappresentata-come-puo-essere-educativa\/\" \/>\n<meta property=\"og:site_name\" content=\"Blog \u2013 Ausilium.it\" \/>\n<meta property=\"article:publisher\" content=\"https:\/\/www.facebook.com\/Ausiliumsrl\/\" \/>\n<meta property=\"article:published_time\" content=\"2020-06-09T07:00:58+00:00\" \/>\n<meta property=\"article:modified_time\" content=\"2024-08-22T13:02:57+00:00\" \/>\n<meta property=\"og:image\" content=\"https:\/\/www.ausilium.it\/blog\/wp-content\/uploads\/2020\/06\/12.jpg\" \/>\n\t<meta property=\"og:image:width\" content=\"820\" \/>\n\t<meta property=\"og:image:height\" content=\"312\" \/>\n\t<meta property=\"og:image:type\" content=\"image\/jpeg\" \/>\n<meta name=\"author\" content=\"Ausilium\" \/>\n<meta name=\"twitter:card\" content=\"summary_large_image\" \/>\n<meta name=\"twitter:creator\" content=\"@ausilium\" \/>\n<meta name=\"twitter:site\" content=\"@ausilium\" \/>\n<meta name=\"twitter:label1\" content=\"Scritto da\" \/>\n\t<meta name=\"twitter:data1\" content=\"Ausilium\" \/>\n\t<meta name=\"twitter:label2\" content=\"Tempo di lettura stimato\" \/>\n\t<meta name=\"twitter:data2\" content=\"2 minuti\" \/>\n<script type=\"application\/ld+json\" class=\"yoast-schema-graph\">{\"@context\":\"https:\/\/schema.org\",\"@graph\":[{\"@type\":\"Article\",\"@id\":\"https:\/\/www.ausilium.it\/blog\/la-disabilita-nel-cinema-comee-rappresentata-come-puo-essere-educativa\/#article\",\"isPartOf\":{\"@id\":\"https:\/\/www.ausilium.it\/blog\/la-disabilita-nel-cinema-comee-rappresentata-come-puo-essere-educativa\/\"},\"author\":{\"name\":\"Ausilium\",\"@id\":\"https:\/\/www.ausilium.it\/blog\/#\/schema\/person\/1d3201398b847bf23951a394f1414d72\"},\"headline\":\"La disabilit\u00e0 nel cinema: come \u00e8 rappresentata e come pu\u00f2 essere educativa?\",\"datePublished\":\"2020-06-09T07:00:58+00:00\",\"dateModified\":\"2024-08-22T13:02:57+00:00\",\"mainEntityOfPage\":{\"@id\":\"https:\/\/www.ausilium.it\/blog\/la-disabilita-nel-cinema-comee-rappresentata-come-puo-essere-educativa\/\"},\"wordCount\":325,\"publisher\":{\"@id\":\"https:\/\/www.ausilium.it\/blog\/#organization\"},\"image\":{\"@id\":\"https:\/\/www.ausilium.it\/blog\/la-disabilita-nel-cinema-comee-rappresentata-come-puo-essere-educativa\/#primaryimage\"},\"thumbnailUrl\":\"https:\/\/www.ausilium.it\/blog\/wp-content\/uploads\/2020\/06\/12.jpg\",\"keywords\":[\"cinema\",\"cinematografia\",\"disabili\",\"disabilit\u00e0\",\"diversit\u00e0\",\"film\",\"handicap\",\"inclusione\"],\"articleSection\":[\"Disabili e Anziani\",\"Sport e tempo libero\"],\"inLanguage\":\"it-IT\"},{\"@type\":\"WebPage\",\"@id\":\"https:\/\/www.ausilium.it\/blog\/la-disabilita-nel-cinema-comee-rappresentata-come-puo-essere-educativa\/\",\"url\":\"https:\/\/www.ausilium.it\/blog\/la-disabilita-nel-cinema-comee-rappresentata-come-puo-essere-educativa\/\",\"name\":\"La disabilit\u00e0 nel cinema: come \u00e8 rappresentata e come pu\u00f2 essere educativa? -\",\"isPartOf\":{\"@id\":\"https:\/\/www.ausilium.it\/blog\/#website\"},\"primaryImageOfPage\":{\"@id\":\"https:\/\/www.ausilium.it\/blog\/la-disabilita-nel-cinema-comee-rappresentata-come-puo-essere-educativa\/#primaryimage\"},\"image\":{\"@id\":\"https:\/\/www.ausilium.it\/blog\/la-disabilita-nel-cinema-comee-rappresentata-come-puo-essere-educativa\/#primaryimage\"},\"thumbnailUrl\":\"https:\/\/www.ausilium.it\/blog\/wp-content\/uploads\/2020\/06\/12.jpg\",\"datePublished\":\"2020-06-09T07:00:58+00:00\",\"dateModified\":\"2024-08-22T13:02:57+00:00\",\"description\":\"Dalla cecit\u00e0, alla sordit\u00e0, alla paraplegia, alla Sindrome di Asperger, la disabilit\u00e0 nel cinema ha successo ed \u00e8 educativa Il primo film sulla disabilit\u00e0\",\"breadcrumb\":{\"@id\":\"https:\/\/www.ausilium.it\/blog\/la-disabilita-nel-cinema-comee-rappresentata-come-puo-essere-educativa\/#breadcrumb\"},\"inLanguage\":\"it-IT\",\"potentialAction\":[{\"@type\":\"ReadAction\",\"target\":[\"https:\/\/www.ausilium.it\/blog\/la-disabilita-nel-cinema-comee-rappresentata-come-puo-essere-educativa\/\"]}]},{\"@type\":\"ImageObject\",\"inLanguage\":\"it-IT\",\"@id\":\"https:\/\/www.ausilium.it\/blog\/la-disabilita-nel-cinema-comee-rappresentata-come-puo-essere-educativa\/#primaryimage\",\"url\":\"https:\/\/www.ausilium.it\/blog\/wp-content\/uploads\/2020\/06\/12.jpg\",\"contentUrl\":\"https:\/\/www.ausilium.it\/blog\/wp-content\/uploads\/2020\/06\/12.jpg\",\"width\":820,\"height\":312},{\"@type\":\"BreadcrumbList\",\"@id\":\"https:\/\/www.ausilium.it\/blog\/la-disabilita-nel-cinema-comee-rappresentata-come-puo-essere-educativa\/#breadcrumb\",\"itemListElement\":[{\"@type\":\"ListItem\",\"position\":1,\"name\":\"Home\",\"item\":\"https:\/\/www.ausilium.it\/blog\/\"},{\"@type\":\"ListItem\",\"position\":2,\"name\":\"La disabilit\u00e0 nel cinema: come \u00e8 rappresentata e come pu\u00f2 essere educativa?\"}]},{\"@type\":\"WebSite\",\"@id\":\"https:\/\/www.ausilium.it\/blog\/#website\",\"url\":\"https:\/\/www.ausilium.it\/blog\/\",\"name\":\"Blog \u2013 Ausilium.it\",\"description\":\"Scopri il Blog Salute di Ausilium per ottenere approfondimenti esperti su benessere, consigli medici e migliori prodotti. La tua guida definitiva per una vita sana.\",\"publisher\":{\"@id\":\"https:\/\/www.ausilium.it\/blog\/#organization\"},\"potentialAction\":[{\"@type\":\"SearchAction\",\"target\":{\"@type\":\"EntryPoint\",\"urlTemplate\":\"https:\/\/www.ausilium.it\/blog\/?s={search_term_string}\"},\"query-input\":{\"@type\":\"PropertyValueSpecification\",\"valueRequired\":true,\"valueName\":\"search_term_string\"}}],\"inLanguage\":\"it-IT\"},{\"@type\":\"Organization\",\"@id\":\"https:\/\/www.ausilium.it\/blog\/#organization\",\"name\":\"Blog Ausilium.it\",\"url\":\"https:\/\/www.ausilium.it\/blog\/\",\"logo\":{\"@type\":\"ImageObject\",\"inLanguage\":\"it-IT\",\"@id\":\"https:\/\/www.ausilium.it\/blog\/#\/schema\/logo\/image\/\",\"url\":\"https:\/\/www.ausilium.it\/blog\/wp-content\/uploads\/2021\/12\/cropped-cropped-blog-retina-logo-mobile.png\",\"contentUrl\":\"https:\/\/www.ausilium.it\/blog\/wp-content\/uploads\/2021\/12\/cropped-cropped-blog-retina-logo-mobile.png\",\"width\":280,\"height\":73,\"caption\":\"Blog Ausilium.it\"},\"image\":{\"@id\":\"https:\/\/www.ausilium.it\/blog\/#\/schema\/logo\/image\/\"},\"sameAs\":[\"https:\/\/www.facebook.com\/Ausiliumsrl\/\",\"https:\/\/x.com\/ausilium\",\"https:\/\/www.youtube.com\/user\/Ausilium\/videos\"]},{\"@type\":\"Person\",\"@id\":\"https:\/\/www.ausilium.it\/blog\/#\/schema\/person\/1d3201398b847bf23951a394f1414d72\",\"name\":\"Ausilium\",\"image\":{\"@type\":\"ImageObject\",\"inLanguage\":\"it-IT\",\"@id\":\"https:\/\/www.ausilium.it\/blog\/#\/schema\/person\/image\/\",\"url\":\"https:\/\/www.ausilium.it\/blog\/wp-content\/uploads\/2022\/02\/logo-quadrato-100x100.png\",\"contentUrl\":\"https:\/\/www.ausilium.it\/blog\/wp-content\/uploads\/2022\/02\/logo-quadrato-100x100.png\",\"caption\":\"Ausilium\"},\"url\":\"https:\/\/www.ausilium.it\/blog\/author\/cecilia-grosso\/\"}]}<\/script>\n<!-- \/ Yoast SEO plugin. -->","yoast_head_json":{"title":"La disabilit\u00e0 nel cinema: come \u00e8 rappresentata e come pu\u00f2 essere educativa? -","description":"Dalla cecit\u00e0, alla sordit\u00e0, alla paraplegia, alla Sindrome di Asperger, la disabilit\u00e0 nel cinema ha successo ed \u00e8 educativa Il primo film sulla disabilit\u00e0","robots":{"index":"index","follow":"follow","max-snippet":"max-snippet:-1","max-image-preview":"max-image-preview:large","max-video-preview":"max-video-preview:-1"},"canonical":"https:\/\/www.ausilium.it\/blog\/la-disabilita-nel-cinema-comee-rappresentata-come-puo-essere-educativa\/","og_locale":"it_IT","og_type":"article","og_title":"La disabilit\u00e0 nel cinema: come \u00e8 rappresentata e come pu\u00f2 essere educativa? -","og_description":"Dalla cecit\u00e0, alla sordit\u00e0, alla paraplegia, alla Sindrome di Asperger, la disabilit\u00e0 nel cinema ha successo ed \u00e8 educativa Il primo film sulla disabilit\u00e0","og_url":"https:\/\/www.ausilium.it\/blog\/la-disabilita-nel-cinema-comee-rappresentata-come-puo-essere-educativa\/","og_site_name":"Blog \u2013 Ausilium.it","article_publisher":"https:\/\/www.facebook.com\/Ausiliumsrl\/","article_published_time":"2020-06-09T07:00:58+00:00","article_modified_time":"2024-08-22T13:02:57+00:00","og_image":[{"width":820,"height":312,"url":"https:\/\/www.ausilium.it\/blog\/wp-content\/uploads\/2020\/06\/12.jpg","type":"image\/jpeg"}],"author":"Ausilium","twitter_card":"summary_large_image","twitter_creator":"@ausilium","twitter_site":"@ausilium","twitter_misc":{"Scritto da":"Ausilium","Tempo di lettura stimato":"2 minuti"},"schema":{"@context":"https:\/\/schema.org","@graph":[{"@type":"Article","@id":"https:\/\/www.ausilium.it\/blog\/la-disabilita-nel-cinema-comee-rappresentata-come-puo-essere-educativa\/#article","isPartOf":{"@id":"https:\/\/www.ausilium.it\/blog\/la-disabilita-nel-cinema-comee-rappresentata-come-puo-essere-educativa\/"},"author":{"name":"Ausilium","@id":"https:\/\/www.ausilium.it\/blog\/#\/schema\/person\/1d3201398b847bf23951a394f1414d72"},"headline":"La disabilit\u00e0 nel cinema: come \u00e8 rappresentata e come pu\u00f2 essere educativa?","datePublished":"2020-06-09T07:00:58+00:00","dateModified":"2024-08-22T13:02:57+00:00","mainEntityOfPage":{"@id":"https:\/\/www.ausilium.it\/blog\/la-disabilita-nel-cinema-comee-rappresentata-come-puo-essere-educativa\/"},"wordCount":325,"publisher":{"@id":"https:\/\/www.ausilium.it\/blog\/#organization"},"image":{"@id":"https:\/\/www.ausilium.it\/blog\/la-disabilita-nel-cinema-comee-rappresentata-come-puo-essere-educativa\/#primaryimage"},"thumbnailUrl":"https:\/\/www.ausilium.it\/blog\/wp-content\/uploads\/2020\/06\/12.jpg","keywords":["cinema","cinematografia","disabili","disabilit\u00e0","diversit\u00e0","film","handicap","inclusione"],"articleSection":["Disabili e Anziani","Sport e tempo libero"],"inLanguage":"it-IT"},{"@type":"WebPage","@id":"https:\/\/www.ausilium.it\/blog\/la-disabilita-nel-cinema-comee-rappresentata-come-puo-essere-educativa\/","url":"https:\/\/www.ausilium.it\/blog\/la-disabilita-nel-cinema-comee-rappresentata-come-puo-essere-educativa\/","name":"La disabilit\u00e0 nel cinema: come \u00e8 rappresentata e come pu\u00f2 essere educativa? -","isPartOf":{"@id":"https:\/\/www.ausilium.it\/blog\/#website"},"primaryImageOfPage":{"@id":"https:\/\/www.ausilium.it\/blog\/la-disabilita-nel-cinema-comee-rappresentata-come-puo-essere-educativa\/#primaryimage"},"image":{"@id":"https:\/\/www.ausilium.it\/blog\/la-disabilita-nel-cinema-comee-rappresentata-come-puo-essere-educativa\/#primaryimage"},"thumbnailUrl":"https:\/\/www.ausilium.it\/blog\/wp-content\/uploads\/2020\/06\/12.jpg","datePublished":"2020-06-09T07:00:58+00:00","dateModified":"2024-08-22T13:02:57+00:00","description":"Dalla cecit\u00e0, alla sordit\u00e0, alla paraplegia, alla Sindrome di Asperger, la disabilit\u00e0 nel cinema ha successo ed \u00e8 educativa Il primo film sulla disabilit\u00e0","breadcrumb":{"@id":"https:\/\/www.ausilium.it\/blog\/la-disabilita-nel-cinema-comee-rappresentata-come-puo-essere-educativa\/#breadcrumb"},"inLanguage":"it-IT","potentialAction":[{"@type":"ReadAction","target":["https:\/\/www.ausilium.it\/blog\/la-disabilita-nel-cinema-comee-rappresentata-come-puo-essere-educativa\/"]}]},{"@type":"ImageObject","inLanguage":"it-IT","@id":"https:\/\/www.ausilium.it\/blog\/la-disabilita-nel-cinema-comee-rappresentata-come-puo-essere-educativa\/#primaryimage","url":"https:\/\/www.ausilium.it\/blog\/wp-content\/uploads\/2020\/06\/12.jpg","contentUrl":"https:\/\/www.ausilium.it\/blog\/wp-content\/uploads\/2020\/06\/12.jpg","width":820,"height":312},{"@type":"BreadcrumbList","@id":"https:\/\/www.ausilium.it\/blog\/la-disabilita-nel-cinema-comee-rappresentata-come-puo-essere-educativa\/#breadcrumb","itemListElement":[{"@type":"ListItem","position":1,"name":"Home","item":"https:\/\/www.ausilium.it\/blog\/"},{"@type":"ListItem","position":2,"name":"La disabilit\u00e0 nel cinema: come \u00e8 rappresentata e come pu\u00f2 essere educativa?"}]},{"@type":"WebSite","@id":"https:\/\/www.ausilium.it\/blog\/#website","url":"https:\/\/www.ausilium.it\/blog\/","name":"Blog \u2013 Ausilium.it","description":"Scopri il Blog Salute di Ausilium per ottenere approfondimenti esperti su benessere, consigli medici e migliori prodotti. La tua guida definitiva per una vita sana.","publisher":{"@id":"https:\/\/www.ausilium.it\/blog\/#organization"},"potentialAction":[{"@type":"SearchAction","target":{"@type":"EntryPoint","urlTemplate":"https:\/\/www.ausilium.it\/blog\/?s={search_term_string}"},"query-input":{"@type":"PropertyValueSpecification","valueRequired":true,"valueName":"search_term_string"}}],"inLanguage":"it-IT"},{"@type":"Organization","@id":"https:\/\/www.ausilium.it\/blog\/#organization","name":"Blog Ausilium.it","url":"https:\/\/www.ausilium.it\/blog\/","logo":{"@type":"ImageObject","inLanguage":"it-IT","@id":"https:\/\/www.ausilium.it\/blog\/#\/schema\/logo\/image\/","url":"https:\/\/www.ausilium.it\/blog\/wp-content\/uploads\/2021\/12\/cropped-cropped-blog-retina-logo-mobile.png","contentUrl":"https:\/\/www.ausilium.it\/blog\/wp-content\/uploads\/2021\/12\/cropped-cropped-blog-retina-logo-mobile.png","width":280,"height":73,"caption":"Blog Ausilium.it"},"image":{"@id":"https:\/\/www.ausilium.it\/blog\/#\/schema\/logo\/image\/"},"sameAs":["https:\/\/www.facebook.com\/Ausiliumsrl\/","https:\/\/x.com\/ausilium","https:\/\/www.youtube.com\/user\/Ausilium\/videos"]},{"@type":"Person","@id":"https:\/\/www.ausilium.it\/blog\/#\/schema\/person\/1d3201398b847bf23951a394f1414d72","name":"Ausilium","image":{"@type":"ImageObject","inLanguage":"it-IT","@id":"https:\/\/www.ausilium.it\/blog\/#\/schema\/person\/image\/","url":"https:\/\/www.ausilium.it\/blog\/wp-content\/uploads\/2022\/02\/logo-quadrato-100x100.png","contentUrl":"https:\/\/www.ausilium.it\/blog\/wp-content\/uploads\/2022\/02\/logo-quadrato-100x100.png","caption":"Ausilium"},"url":"https:\/\/www.ausilium.it\/blog\/author\/cecilia-grosso\/"}]}},"amp_enabled":true,"_links":{"self":[{"href":"https:\/\/www.ausilium.it\/blog\/wp-json\/wp\/v2\/posts\/7845"}],"collection":[{"href":"https:\/\/www.ausilium.it\/blog\/wp-json\/wp\/v2\/posts"}],"about":[{"href":"https:\/\/www.ausilium.it\/blog\/wp-json\/wp\/v2\/types\/post"}],"author":[{"embeddable":true,"href":"https:\/\/www.ausilium.it\/blog\/wp-json\/wp\/v2\/users\/8"}],"replies":[{"embeddable":true,"href":"https:\/\/www.ausilium.it\/blog\/wp-json\/wp\/v2\/comments?post=7845"}],"version-history":[{"count":7,"href":"https:\/\/www.ausilium.it\/blog\/wp-json\/wp\/v2\/posts\/7845\/revisions"}],"predecessor-version":[{"id":9645,"href":"https:\/\/www.ausilium.it\/blog\/wp-json\/wp\/v2\/posts\/7845\/revisions\/9645"}],"wp:featuredmedia":[{"embeddable":true,"href":"https:\/\/www.ausilium.it\/blog\/wp-json\/wp\/v2\/media\/7846"}],"wp:attachment":[{"href":"https:\/\/www.ausilium.it\/blog\/wp-json\/wp\/v2\/media?parent=7845"}],"wp:term":[{"taxonomy":"category","embeddable":true,"href":"https:\/\/www.ausilium.it\/blog\/wp-json\/wp\/v2\/categories?post=7845"},{"taxonomy":"post_tag","embeddable":true,"href":"https:\/\/www.ausilium.it\/blog\/wp-json\/wp\/v2\/tags?post=7845"}],"curies":[{"name":"wp","href":"https:\/\/api.w.org\/{rel}","templated":true}]}}