{"id":7657,"date":"2020-02-05T09:30:37","date_gmt":"2020-02-05T08:30:37","guid":{"rendered":"https:\/\/blog.ausilium.it\/?p=7657"},"modified":"2024-08-02T15:48:07","modified_gmt":"2024-08-02T13:48:07","slug":"portare-fuori-i-neonati-in-inverno-rischi-e-benefici","status":"publish","type":"post","link":"https:\/\/www.ausilium.it\/blog\/portare-fuori-i-neonati-in-inverno-rischi-e-benefici\/","title":{"rendered":"Portare fuori i neonati in inverno: rischi e benefici"},"content":{"rendered":"<h3><strong>Paura di far ammalare i neonati portandoli fuori in inverno? Bastano poche<\/strong><strong> accortezze per aiutarli a rafforzarsi!\u00a0<\/strong><\/h3>\n<p>D\u2019inverno, quando il freddo \u00e8 pungente e il sole \u00e8 pallido temiamo a portare fuori i neonati. <a href=\"https:\/\/blog.ausilium.it\/checklist-per-neomamme-cosa-e-davvero-utile-regalare-dopo-il-parto\/\">Le neomamme<\/a> temono che i loro figli si ammalino e preferiscono tenerli riparati in casa, al caldo. Rinunciare ad una passeggiata all\u2019aperto non \u00e8 per\u00f2 saggio se il beb\u00e8 \u00e8 in salute. Con alcune cautele \u00e8 possibile ed opportuno portare fuori i neonati anche in inverno. E se avete dubbi pensate che nei Paesi nordici i bambini vengono infagottati per bene ed esposti ogni giorno al freddo affinch\u00e9 ci si abituino!<\/p>\n<h4><strong>Accortezze per portare fuori i neonati d\u2019inverno<\/strong><\/h4>\n<p>Ecco alcuni suggerimenti pratici:<\/p>\n<ul>\n<li><strong>Orario di uscita<\/strong> \u2013 Scegliamo le <strong>ore pi\u00f9 calde<\/strong> del giorno per portare un neonato a fare una passeggiata. Fine mattinata o primo pomeriggio, quando il sole \u00e8 alto.<\/li>\n<li><strong>Evitare le giornate ventose<\/strong> \u2013 Il <strong>vento \u00e8 il vero nemico<\/strong> perch\u00e9 portatore di polveri che possono irritare occhi e vie respiratore del beb\u00e8! Non sono da temete, dunque, la neve o la pioggia. I bambini, se opportunamente coperti, beneficiano dell\u2019aria aperta.<\/li>\n<li><strong>Coprire bene il neonato <\/strong>\u2013 Piumini, coperte, sciarpe e berretti in lana o soffice pile sono indicati e vanno stratificati: \u00e8 infatti importante non coprirli eccessivamente: anche d\u2019inverno pu\u00f2 fare molto caldo al sole in assenza di aria!<\/li>\n<li><strong>Crema protettiva o zanzariera <\/strong>\u2013 Anche pu\u00f2 essere necessario difendere la pelle delicata dei beb\u00e8 da un contatto diretto con il sole. Applichiamo dunque una crema protettiva sul viso o usiamo la zanzariera che d\u2019estate ripara dagli insetti.<\/li>\n<\/ul>\n<h4><strong>Perch\u00e9 al beb\u00e8 fa bene uscire d\u2019inverno<\/strong><\/h4>\n<p>I buoni motivi per portare fuori di casa i neonati anche nei mesi invernali sono davvero molti.\u00a0 Vediamo i principali:<\/p>\n<ul>\n<li>Il sole favorisce l\u2019<strong>assorbimento della Vitamina D <\/strong>fondamentale per l\u2019<strong>assimilazione del calcio<\/strong>, prezioso per la salute di ossa e denti;<\/li>\n<li>In casa l\u2019aria \u00e8 viziata e spesso troppo secca;<\/li>\n<li>Passeggiare espone a <strong>suoni, forme, odori nuovi<\/strong> che stimolano l\u2019apprendimento;<\/li>\n<li>Passeggiare in carrozzina <strong>stimola il rilassamento e il riposo<\/strong> del beb\u00e8.<\/li>\n<\/ul>\n","protected":false},"excerpt":{"rendered":"<p>Paura di far ammalare i neonati portandoli fuori in inverno? Bastano poche accortezze per aiutarli a rafforzarsi!\u00a0 D\u2019inverno, quando il [&hellip;]<\/p>\n","protected":false},"author":2,"featured_media":7658,"comment_status":"closed","ping_status":"open","sticky":false,"template":"","format":"standard","meta":{"_acf_changed":false,"site-sidebar-layout":"default","site-content-layout":"","ast-site-content-layout":"default","site-content-style":"default","site-sidebar-style":"default","ast-global-header-display":"","ast-banner-title-visibility":"","ast-main-header-display":"","ast-hfb-above-header-display":"","ast-hfb-below-header-display":"","ast-hfb-mobile-header-display":"","site-post-title":"","ast-breadcrumbs-content":"","ast-featured-img":"","footer-sml-layout":"","theme-transparent-header-meta":"default","adv-header-id-meta":"","stick-header-meta":"","header-above-stick-meta":"","header-main-stick-meta":"","header-below-stick-meta":"","astra-migrate-meta-layouts":"set","ast-page-background-enabled":"default","ast-page-background-meta":{"desktop":{"background-color":"var(--ast-global-color-4)","background-image":"","background-repeat":"repeat","background-position":"center center","background-size":"auto","background-attachment":"scroll","background-type":"","background-media":"","overlay-type":"","overlay-color":"","overlay-opacity":"","overlay-gradient":""},"tablet":{"background-color":"","background-image":"","background-repeat":"repeat","background-position":"center center","background-size":"auto","background-attachment":"scroll","background-type":"","background-media":"","overlay-type":"","overlay-color":"","overlay-opacity":"","overlay-gradient":""},"mobile":{"background-color":"","background-image":"","background-repeat":"repeat","background-position":"center center","background-size":"auto","background-attachment":"scroll","background-type":"","background-media":"","overlay-type":"","overlay-color":"","overlay-opacity":"","overlay-gradient":""}},"ast-content-background-meta":{"desktop":{"background-color":"var(--ast-global-color-5)","background-image":"","background-repeat":"repeat","background-position":"center center","background-size":"auto","background-attachment":"scroll","background-type":"","background-media":"","overlay-type":"","overlay-color":"","overlay-opacity":"","overlay-gradient":""},"tablet":{"background-color":"var(--ast-global-color-5)","background-image":"","background-repeat":"repeat","background-position":"center center","background-size":"auto","background-attachment":"scroll","background-type":"","background-media":"","overlay-type":"","overlay-color":"","overlay-opacity":"","overlay-gradient":""},"mobile":{"background-color":"var(--ast-global-color-5)","background-image":"","background-repeat":"repeat","background-position":"center center","background-size":"auto","background-attachment":"scroll","background-type":"","background-media":"","overlay-type":"","overlay-color":"","overlay-opacity":"","overlay-gradient":""}},"footnotes":""},"categories":[28],"tags":[108,532,403,523,231,443,557,578],"class_list":["post-7657","post","type-post","status-publish","format-standard","has-post-thumbnail","hentry","category-maternita-e-infanzia","tag-bambini","tag-freddo","tag-infanzia","tag-inverno","tag-mamme","tag-neomamme","tag-neonati","tag-neonatieinverno"],"acf":[],"yoast_head":"<!-- This site is optimized with the Yoast SEO plugin v25.5 - https:\/\/yoast.com\/wordpress\/plugins\/seo\/ -->\n<title>Portare fuori i neonati in inverno: rischi e benefici -<\/title>\n<meta name=\"description\" content=\"Paura di far ammalare i neonati portandoli fuori in inverno? Bastano poche accortezze per aiutarli a rafforzarsi!\u00a0 D\u2019inverno, quando il freddo \u00e8 pungente\" \/>\n<meta name=\"robots\" content=\"index, follow, max-snippet:-1, max-image-preview:large, max-video-preview:-1\" \/>\n<link rel=\"canonical\" href=\"https:\/\/www.ausilium.it\/blog\/portare-fuori-i-neonati-in-inverno-rischi-e-benefici\/\" \/>\n<meta property=\"og:locale\" content=\"it_IT\" \/>\n<meta property=\"og:type\" content=\"article\" \/>\n<meta property=\"og:title\" content=\"Portare fuori i neonati in inverno: rischi e benefici -\" \/>\n<meta property=\"og:description\" content=\"Paura di far ammalare i neonati portandoli fuori in inverno? Bastano poche accortezze per aiutarli a rafforzarsi!\u00a0 D\u2019inverno, quando il freddo \u00e8 pungente\" \/>\n<meta property=\"og:url\" content=\"https:\/\/www.ausilium.it\/blog\/portare-fuori-i-neonati-in-inverno-rischi-e-benefici\/\" \/>\n<meta property=\"og:site_name\" content=\"Blog \u2013 Ausilium.it\" \/>\n<meta property=\"article:publisher\" content=\"https:\/\/www.facebook.com\/Ausiliumsrl\/\" \/>\n<meta property=\"article:published_time\" content=\"2020-02-05T08:30:37+00:00\" \/>\n<meta property=\"article:modified_time\" content=\"2024-08-02T13:48:07+00:00\" \/>\n<meta property=\"og:image\" content=\"https:\/\/www.ausilium.it\/blog\/wp-content\/uploads\/2020\/01\/3.png\" \/>\n\t<meta property=\"og:image:width\" content=\"820\" \/>\n\t<meta property=\"og:image:height\" content=\"312\" \/>\n\t<meta property=\"og:image:type\" content=\"image\/png\" \/>\n<meta name=\"author\" content=\"Ausilium\" \/>\n<meta name=\"twitter:card\" content=\"summary_large_image\" \/>\n<meta name=\"twitter:creator\" content=\"@ausilium\" \/>\n<meta name=\"twitter:site\" content=\"@ausilium\" \/>\n<meta name=\"twitter:label1\" content=\"Scritto da\" \/>\n\t<meta name=\"twitter:data1\" content=\"Ausilium\" \/>\n\t<meta name=\"twitter:label2\" content=\"Tempo di lettura stimato\" \/>\n\t<meta name=\"twitter:data2\" content=\"2 minuti\" \/>\n<script type=\"application\/ld+json\" class=\"yoast-schema-graph\">{\"@context\":\"https:\/\/schema.org\",\"@graph\":[{\"@type\":\"Article\",\"@id\":\"https:\/\/www.ausilium.it\/blog\/portare-fuori-i-neonati-in-inverno-rischi-e-benefici\/#article\",\"isPartOf\":{\"@id\":\"https:\/\/www.ausilium.it\/blog\/portare-fuori-i-neonati-in-inverno-rischi-e-benefici\/\"},\"author\":{\"name\":\"Ausilium\",\"@id\":\"https:\/\/www.ausilium.it\/blog\/#\/schema\/person\/6ffbc46eda70510caea8fdb424ed89c6\"},\"headline\":\"Portare fuori i neonati in inverno: rischi e benefici\",\"datePublished\":\"2020-02-05T08:30:37+00:00\",\"dateModified\":\"2024-08-02T13:48:07+00:00\",\"mainEntityOfPage\":{\"@id\":\"https:\/\/www.ausilium.it\/blog\/portare-fuori-i-neonati-in-inverno-rischi-e-benefici\/\"},\"wordCount\":347,\"publisher\":{\"@id\":\"https:\/\/www.ausilium.it\/blog\/#organization\"},\"image\":{\"@id\":\"https:\/\/www.ausilium.it\/blog\/portare-fuori-i-neonati-in-inverno-rischi-e-benefici\/#primaryimage\"},\"thumbnailUrl\":\"https:\/\/www.ausilium.it\/blog\/wp-content\/uploads\/2020\/01\/3.png\",\"keywords\":[\"bambini\",\"freddo\",\"infanzia\",\"inverno\",\"mamme\",\"neomamme\",\"neonati\",\"neonatieinverno\"],\"articleSection\":[\"Maternit\u00e0 e Infanzia\"],\"inLanguage\":\"it-IT\"},{\"@type\":\"WebPage\",\"@id\":\"https:\/\/www.ausilium.it\/blog\/portare-fuori-i-neonati-in-inverno-rischi-e-benefici\/\",\"url\":\"https:\/\/www.ausilium.it\/blog\/portare-fuori-i-neonati-in-inverno-rischi-e-benefici\/\",\"name\":\"Portare fuori i neonati in inverno: rischi e benefici -\",\"isPartOf\":{\"@id\":\"https:\/\/www.ausilium.it\/blog\/#website\"},\"primaryImageOfPage\":{\"@id\":\"https:\/\/www.ausilium.it\/blog\/portare-fuori-i-neonati-in-inverno-rischi-e-benefici\/#primaryimage\"},\"image\":{\"@id\":\"https:\/\/www.ausilium.it\/blog\/portare-fuori-i-neonati-in-inverno-rischi-e-benefici\/#primaryimage\"},\"thumbnailUrl\":\"https:\/\/www.ausilium.it\/blog\/wp-content\/uploads\/2020\/01\/3.png\",\"datePublished\":\"2020-02-05T08:30:37+00:00\",\"dateModified\":\"2024-08-02T13:48:07+00:00\",\"description\":\"Paura di far ammalare i neonati portandoli fuori in inverno? Bastano poche accortezze per aiutarli a rafforzarsi!\u00a0 D\u2019inverno, quando il freddo \u00e8 pungente\",\"breadcrumb\":{\"@id\":\"https:\/\/www.ausilium.it\/blog\/portare-fuori-i-neonati-in-inverno-rischi-e-benefici\/#breadcrumb\"},\"inLanguage\":\"it-IT\",\"potentialAction\":[{\"@type\":\"ReadAction\",\"target\":[\"https:\/\/www.ausilium.it\/blog\/portare-fuori-i-neonati-in-inverno-rischi-e-benefici\/\"]}]},{\"@type\":\"ImageObject\",\"inLanguage\":\"it-IT\",\"@id\":\"https:\/\/www.ausilium.it\/blog\/portare-fuori-i-neonati-in-inverno-rischi-e-benefici\/#primaryimage\",\"url\":\"https:\/\/www.ausilium.it\/blog\/wp-content\/uploads\/2020\/01\/3.png\",\"contentUrl\":\"https:\/\/www.ausilium.it\/blog\/wp-content\/uploads\/2020\/01\/3.png\",\"width\":820,\"height\":312,\"caption\":\"Portare fuori i neonati in inverno: rischi e benefici\"},{\"@type\":\"BreadcrumbList\",\"@id\":\"https:\/\/www.ausilium.it\/blog\/portare-fuori-i-neonati-in-inverno-rischi-e-benefici\/#breadcrumb\",\"itemListElement\":[{\"@type\":\"ListItem\",\"position\":1,\"name\":\"Home\",\"item\":\"https:\/\/www.ausilium.it\/blog\/\"},{\"@type\":\"ListItem\",\"position\":2,\"name\":\"Portare fuori i neonati in inverno: rischi e benefici\"}]},{\"@type\":\"WebSite\",\"@id\":\"https:\/\/www.ausilium.it\/blog\/#website\",\"url\":\"https:\/\/www.ausilium.it\/blog\/\",\"name\":\"Blog \u2013 Ausilium.it\",\"description\":\"Scopri il Blog Salute di Ausilium per ottenere approfondimenti esperti su benessere, consigli medici e migliori prodotti. La tua guida definitiva per una vita sana.\",\"publisher\":{\"@id\":\"https:\/\/www.ausilium.it\/blog\/#organization\"},\"potentialAction\":[{\"@type\":\"SearchAction\",\"target\":{\"@type\":\"EntryPoint\",\"urlTemplate\":\"https:\/\/www.ausilium.it\/blog\/?s={search_term_string}\"},\"query-input\":{\"@type\":\"PropertyValueSpecification\",\"valueRequired\":true,\"valueName\":\"search_term_string\"}}],\"inLanguage\":\"it-IT\"},{\"@type\":\"Organization\",\"@id\":\"https:\/\/www.ausilium.it\/blog\/#organization\",\"name\":\"Blog Ausilium.it\",\"url\":\"https:\/\/www.ausilium.it\/blog\/\",\"logo\":{\"@type\":\"ImageObject\",\"inLanguage\":\"it-IT\",\"@id\":\"https:\/\/www.ausilium.it\/blog\/#\/schema\/logo\/image\/\",\"url\":\"https:\/\/www.ausilium.it\/blog\/wp-content\/uploads\/2021\/12\/cropped-cropped-blog-retina-logo-mobile.png\",\"contentUrl\":\"https:\/\/www.ausilium.it\/blog\/wp-content\/uploads\/2021\/12\/cropped-cropped-blog-retina-logo-mobile.png\",\"width\":280,\"height\":73,\"caption\":\"Blog Ausilium.it\"},\"image\":{\"@id\":\"https:\/\/www.ausilium.it\/blog\/#\/schema\/logo\/image\/\"},\"sameAs\":[\"https:\/\/www.facebook.com\/Ausiliumsrl\/\",\"https:\/\/x.com\/ausilium\",\"https:\/\/www.youtube.com\/user\/Ausilium\/videos\"]},{\"@type\":\"Person\",\"@id\":\"https:\/\/www.ausilium.it\/blog\/#\/schema\/person\/6ffbc46eda70510caea8fdb424ed89c6\",\"name\":\"Ausilium\",\"image\":{\"@type\":\"ImageObject\",\"inLanguage\":\"it-IT\",\"@id\":\"https:\/\/www.ausilium.it\/blog\/#\/schema\/person\/image\/\",\"url\":\"https:\/\/secure.gravatar.com\/avatar\/15df98e427a9337f90991f8d64fc428c?s=96&d=mm&r=g\",\"contentUrl\":\"https:\/\/secure.gravatar.com\/avatar\/15df98e427a9337f90991f8d64fc428c?s=96&d=mm&r=g\",\"caption\":\"Ausilium\"},\"sameAs\":[\"http:\/\/www.ausilium.it\"],\"url\":\"https:\/\/www.ausilium.it\/blog\/author\/silvia\/\"}]}<\/script>\n<!-- \/ Yoast SEO plugin. -->","yoast_head_json":{"title":"Portare fuori i neonati in inverno: rischi e benefici -","description":"Paura di far ammalare i neonati portandoli fuori in inverno? Bastano poche accortezze per aiutarli a rafforzarsi!\u00a0 D\u2019inverno, quando il freddo \u00e8 pungente","robots":{"index":"index","follow":"follow","max-snippet":"max-snippet:-1","max-image-preview":"max-image-preview:large","max-video-preview":"max-video-preview:-1"},"canonical":"https:\/\/www.ausilium.it\/blog\/portare-fuori-i-neonati-in-inverno-rischi-e-benefici\/","og_locale":"it_IT","og_type":"article","og_title":"Portare fuori i neonati in inverno: rischi e benefici -","og_description":"Paura di far ammalare i neonati portandoli fuori in inverno? Bastano poche accortezze per aiutarli a rafforzarsi!\u00a0 D\u2019inverno, quando il freddo \u00e8 pungente","og_url":"https:\/\/www.ausilium.it\/blog\/portare-fuori-i-neonati-in-inverno-rischi-e-benefici\/","og_site_name":"Blog \u2013 Ausilium.it","article_publisher":"https:\/\/www.facebook.com\/Ausiliumsrl\/","article_published_time":"2020-02-05T08:30:37+00:00","article_modified_time":"2024-08-02T13:48:07+00:00","og_image":[{"width":820,"height":312,"url":"https:\/\/www.ausilium.it\/blog\/wp-content\/uploads\/2020\/01\/3.png","type":"image\/png"}],"author":"Ausilium","twitter_card":"summary_large_image","twitter_creator":"@ausilium","twitter_site":"@ausilium","twitter_misc":{"Scritto da":"Ausilium","Tempo di lettura stimato":"2 minuti"},"schema":{"@context":"https:\/\/schema.org","@graph":[{"@type":"Article","@id":"https:\/\/www.ausilium.it\/blog\/portare-fuori-i-neonati-in-inverno-rischi-e-benefici\/#article","isPartOf":{"@id":"https:\/\/www.ausilium.it\/blog\/portare-fuori-i-neonati-in-inverno-rischi-e-benefici\/"},"author":{"name":"Ausilium","@id":"https:\/\/www.ausilium.it\/blog\/#\/schema\/person\/6ffbc46eda70510caea8fdb424ed89c6"},"headline":"Portare fuori i neonati in inverno: rischi e benefici","datePublished":"2020-02-05T08:30:37+00:00","dateModified":"2024-08-02T13:48:07+00:00","mainEntityOfPage":{"@id":"https:\/\/www.ausilium.it\/blog\/portare-fuori-i-neonati-in-inverno-rischi-e-benefici\/"},"wordCount":347,"publisher":{"@id":"https:\/\/www.ausilium.it\/blog\/#organization"},"image":{"@id":"https:\/\/www.ausilium.it\/blog\/portare-fuori-i-neonati-in-inverno-rischi-e-benefici\/#primaryimage"},"thumbnailUrl":"https:\/\/www.ausilium.it\/blog\/wp-content\/uploads\/2020\/01\/3.png","keywords":["bambini","freddo","infanzia","inverno","mamme","neomamme","neonati","neonatieinverno"],"articleSection":["Maternit\u00e0 e Infanzia"],"inLanguage":"it-IT"},{"@type":"WebPage","@id":"https:\/\/www.ausilium.it\/blog\/portare-fuori-i-neonati-in-inverno-rischi-e-benefici\/","url":"https:\/\/www.ausilium.it\/blog\/portare-fuori-i-neonati-in-inverno-rischi-e-benefici\/","name":"Portare fuori i neonati in inverno: rischi e benefici -","isPartOf":{"@id":"https:\/\/www.ausilium.it\/blog\/#website"},"primaryImageOfPage":{"@id":"https:\/\/www.ausilium.it\/blog\/portare-fuori-i-neonati-in-inverno-rischi-e-benefici\/#primaryimage"},"image":{"@id":"https:\/\/www.ausilium.it\/blog\/portare-fuori-i-neonati-in-inverno-rischi-e-benefici\/#primaryimage"},"thumbnailUrl":"https:\/\/www.ausilium.it\/blog\/wp-content\/uploads\/2020\/01\/3.png","datePublished":"2020-02-05T08:30:37+00:00","dateModified":"2024-08-02T13:48:07+00:00","description":"Paura di far ammalare i neonati portandoli fuori in inverno? Bastano poche accortezze per aiutarli a rafforzarsi!\u00a0 D\u2019inverno, quando il freddo \u00e8 pungente","breadcrumb":{"@id":"https:\/\/www.ausilium.it\/blog\/portare-fuori-i-neonati-in-inverno-rischi-e-benefici\/#breadcrumb"},"inLanguage":"it-IT","potentialAction":[{"@type":"ReadAction","target":["https:\/\/www.ausilium.it\/blog\/portare-fuori-i-neonati-in-inverno-rischi-e-benefici\/"]}]},{"@type":"ImageObject","inLanguage":"it-IT","@id":"https:\/\/www.ausilium.it\/blog\/portare-fuori-i-neonati-in-inverno-rischi-e-benefici\/#primaryimage","url":"https:\/\/www.ausilium.it\/blog\/wp-content\/uploads\/2020\/01\/3.png","contentUrl":"https:\/\/www.ausilium.it\/blog\/wp-content\/uploads\/2020\/01\/3.png","width":820,"height":312,"caption":"Portare fuori i neonati in inverno: rischi e benefici"},{"@type":"BreadcrumbList","@id":"https:\/\/www.ausilium.it\/blog\/portare-fuori-i-neonati-in-inverno-rischi-e-benefici\/#breadcrumb","itemListElement":[{"@type":"ListItem","position":1,"name":"Home","item":"https:\/\/www.ausilium.it\/blog\/"},{"@type":"ListItem","position":2,"name":"Portare fuori i neonati in inverno: rischi e benefici"}]},{"@type":"WebSite","@id":"https:\/\/www.ausilium.it\/blog\/#website","url":"https:\/\/www.ausilium.it\/blog\/","name":"Blog \u2013 Ausilium.it","description":"Scopri il Blog Salute di Ausilium per ottenere approfondimenti esperti su benessere, consigli medici e migliori prodotti. La tua guida definitiva per una vita sana.","publisher":{"@id":"https:\/\/www.ausilium.it\/blog\/#organization"},"potentialAction":[{"@type":"SearchAction","target":{"@type":"EntryPoint","urlTemplate":"https:\/\/www.ausilium.it\/blog\/?s={search_term_string}"},"query-input":{"@type":"PropertyValueSpecification","valueRequired":true,"valueName":"search_term_string"}}],"inLanguage":"it-IT"},{"@type":"Organization","@id":"https:\/\/www.ausilium.it\/blog\/#organization","name":"Blog Ausilium.it","url":"https:\/\/www.ausilium.it\/blog\/","logo":{"@type":"ImageObject","inLanguage":"it-IT","@id":"https:\/\/www.ausilium.it\/blog\/#\/schema\/logo\/image\/","url":"https:\/\/www.ausilium.it\/blog\/wp-content\/uploads\/2021\/12\/cropped-cropped-blog-retina-logo-mobile.png","contentUrl":"https:\/\/www.ausilium.it\/blog\/wp-content\/uploads\/2021\/12\/cropped-cropped-blog-retina-logo-mobile.png","width":280,"height":73,"caption":"Blog Ausilium.it"},"image":{"@id":"https:\/\/www.ausilium.it\/blog\/#\/schema\/logo\/image\/"},"sameAs":["https:\/\/www.facebook.com\/Ausiliumsrl\/","https:\/\/x.com\/ausilium","https:\/\/www.youtube.com\/user\/Ausilium\/videos"]},{"@type":"Person","@id":"https:\/\/www.ausilium.it\/blog\/#\/schema\/person\/6ffbc46eda70510caea8fdb424ed89c6","name":"Ausilium","image":{"@type":"ImageObject","inLanguage":"it-IT","@id":"https:\/\/www.ausilium.it\/blog\/#\/schema\/person\/image\/","url":"https:\/\/secure.gravatar.com\/avatar\/15df98e427a9337f90991f8d64fc428c?s=96&d=mm&r=g","contentUrl":"https:\/\/secure.gravatar.com\/avatar\/15df98e427a9337f90991f8d64fc428c?s=96&d=mm&r=g","caption":"Ausilium"},"sameAs":["http:\/\/www.ausilium.it"],"url":"https:\/\/www.ausilium.it\/blog\/author\/silvia\/"}]}},"amp_enabled":true,"_links":{"self":[{"href":"https:\/\/www.ausilium.it\/blog\/wp-json\/wp\/v2\/posts\/7657"}],"collection":[{"href":"https:\/\/www.ausilium.it\/blog\/wp-json\/wp\/v2\/posts"}],"about":[{"href":"https:\/\/www.ausilium.it\/blog\/wp-json\/wp\/v2\/types\/post"}],"author":[{"embeddable":true,"href":"https:\/\/www.ausilium.it\/blog\/wp-json\/wp\/v2\/users\/2"}],"replies":[{"embeddable":true,"href":"https:\/\/www.ausilium.it\/blog\/wp-json\/wp\/v2\/comments?post=7657"}],"version-history":[{"count":3,"href":"https:\/\/www.ausilium.it\/blog\/wp-json\/wp\/v2\/posts\/7657\/revisions"}],"predecessor-version":[{"id":9363,"href":"https:\/\/www.ausilium.it\/blog\/wp-json\/wp\/v2\/posts\/7657\/revisions\/9363"}],"wp:featuredmedia":[{"embeddable":true,"href":"https:\/\/www.ausilium.it\/blog\/wp-json\/wp\/v2\/media\/7658"}],"wp:attachment":[{"href":"https:\/\/www.ausilium.it\/blog\/wp-json\/wp\/v2\/media?parent=7657"}],"wp:term":[{"taxonomy":"category","embeddable":true,"href":"https:\/\/www.ausilium.it\/blog\/wp-json\/wp\/v2\/categories?post=7657"},{"taxonomy":"post_tag","embeddable":true,"href":"https:\/\/www.ausilium.it\/blog\/wp-json\/wp\/v2\/tags?post=7657"}],"curies":[{"name":"wp","href":"https:\/\/api.w.org\/{rel}","templated":true}]}}