{"id":7487,"date":"2019-11-13T11:22:25","date_gmt":"2019-11-13T10:22:25","guid":{"rendered":"https:\/\/blog.ausilium.it\/?p=7487"},"modified":"2024-03-21T17:03:36","modified_gmt":"2024-03-21T16:03:36","slug":"libri-sulla-disabilita-un-mondo-che-parla-e-si-fa-conoscere","status":"publish","type":"post","link":"https:\/\/www.ausilium.it\/blog\/libri-sulla-disabilita-un-mondo-che-parla-e-si-fa-conoscere\/","title":{"rendered":"Libri sulla disabilit\u00e0: un mondo che parla e si fa conoscere"},"content":{"rendered":"<h2><strong>Cambiare punto di vista, informarsi, arricchire la propria conoscenza<\/strong><\/h2>\n<p>Dalla saggistica alla narrativa, si moltiplicano i libri sulla disabilit\u00e0. Le pubblicazioni dedicate al mondo della disabilit\u00e0 sono sempre pi\u00f9 numerose e qualificate: informano, formano, incuriosiscono. Soprattutto libri e riviste sulla disabilit\u00e0 fanno conoscere un mondo inclusivo che inizia ad essere stabilmente al centro dell\u2019interesse sociale e culturale.<\/p>\n<h3><strong>Libri scientifici e saggi sulla disabilit\u00e0<\/strong><\/h3>\n<p>I libri \u2018sulla disabilit\u00e0\u2019 sono strumenti importanti per approfondire problematiche generiche o specifiche legate alla disabilit\u00e0 o a un tipo particolare di disabilit\u00e0. Sono preziosi per<\/p>\n<ul>\n<li>Persone disabili<\/li>\n<li>Parenti che assistono persone disabili<\/li>\n<li>Amici di persone disabili<\/li>\n<li>Persone che praticano il volontariato<\/li>\n<li>Cittadini che vogliono essere informati<\/li>\n<\/ul>\n<p>Tra i titoli vanno ricordati<\/p>\n<p>la \u201cConvenzione ONU sui diritti delle persone con disabilit\u00e0\u201d<\/p>\n<p>\u201cPsicologia della disabilit\u00e0 e dei disturbi dello sviluppo\u201d<\/p>\n<p>\u201cQualit\u00e0 di vita nella disabilit\u00e0 adulta\u201d<\/p>\n<p>\u201cDisabilit\u00e0 e societ\u00e0. Diritti, falsi miti, percezioni sociali\u201d<\/p>\n<p>\u201cLa famiglia di fronte alla disabilit\u00e0. Stress, risorse e sostegni<\/p>\n<p>Riviste sulla disabilit\u00e0: protagoniste associazioni ed enti locali<\/p>\n<p>Un capitolo a parte meritano le riviste sulla disabilit\u00e0. Rappresentano infatti un grande e approfondito sforzo di molte associazioni \u2010legate a disabilit\u00e0 specifiche o generiche\u2010 e di molti enti locali.<\/p>\n<p>Uno sforzo ancor pi\u00f9 meritevole in quanto rivolto a fornire informazioni concrete e pratiche a persone che vivono la disabilit\u00e0 e alle loro famiglie. Lo scopo \u00e8 informare e spiegare novit\u00e0 legislative, opportunit\u00e0 da cogliere sul territorio per vivere meno faticosamente la quotidianit\u00e0.<\/p>\n<h3><strong>Narrativa per grandi e bambini<\/strong><\/h3>\n<p>Si moltiplicano \u2013finalmente possiamo dire!\u2013 libri per adulti e ragazzi che parlano di disabilit\u00e0 dal punto di vista di chi la vive e vuole viverla come condizione difficoltosa, ma libera.<\/p>\n<p>Particolarmente degna di nota \u00e8 la bella produzione di case editrici come Kite, Lapis e Karthusia. Dedicano libri, spesso con splendide illustrazioni, a storie e vicende in grado di infondere coraggio e anche divertire.<\/p>\n","protected":false},"excerpt":{"rendered":"<p>Cambiare punto di vista, informarsi, arricchire la propria conoscenza Dalla saggistica alla narrativa, si moltiplicano i libri sulla disabilit\u00e0. Le [&hellip;]<\/p>\n","protected":false},"author":2,"featured_media":7493,"comment_status":"closed","ping_status":"open","sticky":false,"template":"","format":"standard","meta":{"_acf_changed":false,"site-sidebar-layout":"default","site-content-layout":"","ast-site-content-layout":"default","site-content-style":"default","site-sidebar-style":"default","ast-global-header-display":"","ast-banner-title-visibility":"","ast-main-header-display":"","ast-hfb-above-header-display":"","ast-hfb-below-header-display":"","ast-hfb-mobile-header-display":"","site-post-title":"","ast-breadcrumbs-content":"","ast-featured-img":"","footer-sml-layout":"","theme-transparent-header-meta":"default","adv-header-id-meta":"","stick-header-meta":"","header-above-stick-meta":"","header-main-stick-meta":"","header-below-stick-meta":"","astra-migrate-meta-layouts":"set","ast-page-background-enabled":"default","ast-page-background-meta":{"desktop":{"background-color":"var(--ast-global-color-4)","background-image":"","background-repeat":"repeat","background-position":"center center","background-size":"auto","background-attachment":"scroll","background-type":"","background-media":"","overlay-type":"","overlay-color":"","overlay-opacity":"","overlay-gradient":""},"tablet":{"background-color":"","background-image":"","background-repeat":"repeat","background-position":"center center","background-size":"auto","background-attachment":"scroll","background-type":"","background-media":"","overlay-type":"","overlay-color":"","overlay-opacity":"","overlay-gradient":""},"mobile":{"background-color":"","background-image":"","background-repeat":"repeat","background-position":"center center","background-size":"auto","background-attachment":"scroll","background-type":"","background-media":"","overlay-type":"","overlay-color":"","overlay-opacity":"","overlay-gradient":""}},"ast-content-background-meta":{"desktop":{"background-color":"var(--ast-global-color-5)","background-image":"","background-repeat":"repeat","background-position":"center center","background-size":"auto","background-attachment":"scroll","background-type":"","background-media":"","overlay-type":"","overlay-color":"","overlay-opacity":"","overlay-gradient":""},"tablet":{"background-color":"var(--ast-global-color-5)","background-image":"","background-repeat":"repeat","background-position":"center center","background-size":"auto","background-attachment":"scroll","background-type":"","background-media":"","overlay-type":"","overlay-color":"","overlay-opacity":"","overlay-gradient":""},"mobile":{"background-color":"var(--ast-global-color-5)","background-image":"","background-repeat":"repeat","background-position":"center center","background-size":"auto","background-attachment":"scroll","background-type":"","background-media":"","overlay-type":"","overlay-color":"","overlay-opacity":"","overlay-gradient":""}},"footnotes":""},"categories":[17,1189],"tags":[34,105,96,97,113,35,36,143,99,489,39,56,73],"class_list":["post-7487","post","type-post","status-publish","format-standard","has-post-thumbnail","hentry","category-disabili-e-anziani","category-sport-e-tempo-libero","tag-alimentazione","tag-anziani","tag-ausili","tag-bellezza","tag-benessere","tag-benessere-anziani","tag-disabili","tag-disabilita","tag-donne","tag-libri","tag-prevenzione","tag-salute","tag-stare-bene"],"acf":[],"yoast_head":"<!-- This site is optimized with the Yoast SEO plugin v25.5 - https:\/\/yoast.com\/wordpress\/plugins\/seo\/ -->\n<title>Libri sulla disabilit\u00e0: un mondo che parla e si fa conoscere<\/title>\n<meta name=\"description\" content=\"Cambiare punto di vista, informarsi, arricchire la propria conoscenzaDalla saggistica alla narrativa, si moltiplicano i libri sulla disabilit\u00e0.\" \/>\n<meta name=\"robots\" content=\"index, follow, max-snippet:-1, max-image-preview:large, max-video-preview:-1\" \/>\n<link rel=\"canonical\" href=\"https:\/\/www.ausilium.it\/blog\/libri-sulla-disabilita-un-mondo-che-parla-e-si-fa-conoscere\/\" \/>\n<meta property=\"og:locale\" content=\"it_IT\" \/>\n<meta property=\"og:type\" content=\"article\" \/>\n<meta property=\"og:title\" content=\"Libri sulla disabilit\u00e0: un mondo che parla e si fa conoscere\" \/>\n<meta property=\"og:description\" content=\"Cambiare punto di vista, informarsi, arricchire la propria conoscenzaDalla saggistica alla narrativa, si moltiplicano i libri sulla disabilit\u00e0.\" \/>\n<meta property=\"og:url\" content=\"https:\/\/www.ausilium.it\/blog\/libri-sulla-disabilita-un-mondo-che-parla-e-si-fa-conoscere\/\" \/>\n<meta property=\"og:site_name\" content=\"Blog \u2013 Ausilium.it\" \/>\n<meta property=\"article:publisher\" content=\"https:\/\/www.facebook.com\/Ausiliumsrl\/\" \/>\n<meta property=\"article:published_time\" content=\"2019-11-13T10:22:25+00:00\" \/>\n<meta property=\"article:modified_time\" content=\"2024-03-21T16:03:36+00:00\" \/>\n<meta property=\"og:image\" content=\"https:\/\/www.ausilium.it\/blog\/wp-content\/uploads\/2019\/11\/5-e1711037011467.png\" \/>\n\t<meta property=\"og:image:width\" content=\"940\" \/>\n\t<meta property=\"og:image:height\" content=\"358\" \/>\n\t<meta property=\"og:image:type\" content=\"image\/png\" \/>\n<meta name=\"author\" content=\"Ausilium\" \/>\n<meta name=\"twitter:card\" content=\"summary_large_image\" \/>\n<meta name=\"twitter:creator\" content=\"@ausilium\" \/>\n<meta name=\"twitter:site\" content=\"@ausilium\" \/>\n<meta name=\"twitter:label1\" content=\"Scritto da\" \/>\n\t<meta name=\"twitter:data1\" content=\"Ausilium\" \/>\n\t<meta name=\"twitter:label2\" content=\"Tempo di lettura stimato\" \/>\n\t<meta name=\"twitter:data2\" content=\"2 minuti\" \/>\n<script type=\"application\/ld+json\" class=\"yoast-schema-graph\">{\"@context\":\"https:\/\/schema.org\",\"@graph\":[{\"@type\":\"Article\",\"@id\":\"https:\/\/www.ausilium.it\/blog\/libri-sulla-disabilita-un-mondo-che-parla-e-si-fa-conoscere\/#article\",\"isPartOf\":{\"@id\":\"https:\/\/www.ausilium.it\/blog\/libri-sulla-disabilita-un-mondo-che-parla-e-si-fa-conoscere\/\"},\"author\":{\"name\":\"Ausilium\",\"@id\":\"https:\/\/www.ausilium.it\/blog\/#\/schema\/person\/6ffbc46eda70510caea8fdb424ed89c6\"},\"headline\":\"Libri sulla disabilit\u00e0: un mondo che parla e si fa conoscere\",\"datePublished\":\"2019-11-13T10:22:25+00:00\",\"dateModified\":\"2024-03-21T16:03:36+00:00\",\"mainEntityOfPage\":{\"@id\":\"https:\/\/www.ausilium.it\/blog\/libri-sulla-disabilita-un-mondo-che-parla-e-si-fa-conoscere\/\"},\"wordCount\":316,\"publisher\":{\"@id\":\"https:\/\/www.ausilium.it\/blog\/#organization\"},\"image\":{\"@id\":\"https:\/\/www.ausilium.it\/blog\/libri-sulla-disabilita-un-mondo-che-parla-e-si-fa-conoscere\/#primaryimage\"},\"thumbnailUrl\":\"https:\/\/www.ausilium.it\/blog\/wp-content\/uploads\/2019\/11\/5-e1711037011467.png\",\"keywords\":[\"alimentazione\",\"anziani\",\"ausili\",\"bellezza\",\"benessere\",\"benessere anziani\",\"disabili\",\"disabilit\u00e0\",\"donne\",\"libri\",\"prevenzione\",\"salute\",\"stare bene\"],\"articleSection\":[\"Disabili e Anziani\",\"Sport e tempo libero\"],\"inLanguage\":\"it-IT\"},{\"@type\":\"WebPage\",\"@id\":\"https:\/\/www.ausilium.it\/blog\/libri-sulla-disabilita-un-mondo-che-parla-e-si-fa-conoscere\/\",\"url\":\"https:\/\/www.ausilium.it\/blog\/libri-sulla-disabilita-un-mondo-che-parla-e-si-fa-conoscere\/\",\"name\":\"Libri sulla disabilit\u00e0: un mondo che parla e si fa conoscere\",\"isPartOf\":{\"@id\":\"https:\/\/www.ausilium.it\/blog\/#website\"},\"primaryImageOfPage\":{\"@id\":\"https:\/\/www.ausilium.it\/blog\/libri-sulla-disabilita-un-mondo-che-parla-e-si-fa-conoscere\/#primaryimage\"},\"image\":{\"@id\":\"https:\/\/www.ausilium.it\/blog\/libri-sulla-disabilita-un-mondo-che-parla-e-si-fa-conoscere\/#primaryimage\"},\"thumbnailUrl\":\"https:\/\/www.ausilium.it\/blog\/wp-content\/uploads\/2019\/11\/5-e1711037011467.png\",\"datePublished\":\"2019-11-13T10:22:25+00:00\",\"dateModified\":\"2024-03-21T16:03:36+00:00\",\"description\":\"Cambiare punto di vista, informarsi, arricchire la propria conoscenzaDalla saggistica alla narrativa, si moltiplicano i libri sulla disabilit\u00e0.\",\"breadcrumb\":{\"@id\":\"https:\/\/www.ausilium.it\/blog\/libri-sulla-disabilita-un-mondo-che-parla-e-si-fa-conoscere\/#breadcrumb\"},\"inLanguage\":\"it-IT\",\"potentialAction\":[{\"@type\":\"ReadAction\",\"target\":[\"https:\/\/www.ausilium.it\/blog\/libri-sulla-disabilita-un-mondo-che-parla-e-si-fa-conoscere\/\"]}]},{\"@type\":\"ImageObject\",\"inLanguage\":\"it-IT\",\"@id\":\"https:\/\/www.ausilium.it\/blog\/libri-sulla-disabilita-un-mondo-che-parla-e-si-fa-conoscere\/#primaryimage\",\"url\":\"https:\/\/www.ausilium.it\/blog\/wp-content\/uploads\/2019\/11\/5-e1711037011467.png\",\"contentUrl\":\"https:\/\/www.ausilium.it\/blog\/wp-content\/uploads\/2019\/11\/5-e1711037011467.png\",\"width\":940,\"height\":358},{\"@type\":\"BreadcrumbList\",\"@id\":\"https:\/\/www.ausilium.it\/blog\/libri-sulla-disabilita-un-mondo-che-parla-e-si-fa-conoscere\/#breadcrumb\",\"itemListElement\":[{\"@type\":\"ListItem\",\"position\":1,\"name\":\"Home\",\"item\":\"https:\/\/www.ausilium.it\/blog\/\"},{\"@type\":\"ListItem\",\"position\":2,\"name\":\"Libri sulla disabilit\u00e0: un mondo che parla e si fa conoscere\"}]},{\"@type\":\"WebSite\",\"@id\":\"https:\/\/www.ausilium.it\/blog\/#website\",\"url\":\"https:\/\/www.ausilium.it\/blog\/\",\"name\":\"Blog \u2013 Ausilium.it\",\"description\":\"Scopri il Blog Salute di Ausilium per ottenere approfondimenti esperti su benessere, consigli medici e migliori prodotti. La tua guida definitiva per una vita sana.\",\"publisher\":{\"@id\":\"https:\/\/www.ausilium.it\/blog\/#organization\"},\"potentialAction\":[{\"@type\":\"SearchAction\",\"target\":{\"@type\":\"EntryPoint\",\"urlTemplate\":\"https:\/\/www.ausilium.it\/blog\/?s={search_term_string}\"},\"query-input\":{\"@type\":\"PropertyValueSpecification\",\"valueRequired\":true,\"valueName\":\"search_term_string\"}}],\"inLanguage\":\"it-IT\"},{\"@type\":\"Organization\",\"@id\":\"https:\/\/www.ausilium.it\/blog\/#organization\",\"name\":\"Blog Ausilium.it\",\"url\":\"https:\/\/www.ausilium.it\/blog\/\",\"logo\":{\"@type\":\"ImageObject\",\"inLanguage\":\"it-IT\",\"@id\":\"https:\/\/www.ausilium.it\/blog\/#\/schema\/logo\/image\/\",\"url\":\"https:\/\/www.ausilium.it\/blog\/wp-content\/uploads\/2021\/12\/cropped-cropped-blog-retina-logo-mobile.png\",\"contentUrl\":\"https:\/\/www.ausilium.it\/blog\/wp-content\/uploads\/2021\/12\/cropped-cropped-blog-retina-logo-mobile.png\",\"width\":280,\"height\":73,\"caption\":\"Blog Ausilium.it\"},\"image\":{\"@id\":\"https:\/\/www.ausilium.it\/blog\/#\/schema\/logo\/image\/\"},\"sameAs\":[\"https:\/\/www.facebook.com\/Ausiliumsrl\/\",\"https:\/\/x.com\/ausilium\",\"https:\/\/www.youtube.com\/user\/Ausilium\/videos\"]},{\"@type\":\"Person\",\"@id\":\"https:\/\/www.ausilium.it\/blog\/#\/schema\/person\/6ffbc46eda70510caea8fdb424ed89c6\",\"name\":\"Ausilium\",\"image\":{\"@type\":\"ImageObject\",\"inLanguage\":\"it-IT\",\"@id\":\"https:\/\/www.ausilium.it\/blog\/#\/schema\/person\/image\/\",\"url\":\"https:\/\/secure.gravatar.com\/avatar\/15df98e427a9337f90991f8d64fc428c?s=96&d=mm&r=g\",\"contentUrl\":\"https:\/\/secure.gravatar.com\/avatar\/15df98e427a9337f90991f8d64fc428c?s=96&d=mm&r=g\",\"caption\":\"Ausilium\"},\"sameAs\":[\"http:\/\/www.ausilium.it\"],\"url\":\"https:\/\/www.ausilium.it\/blog\/author\/silvia\/\"}]}<\/script>\n<!-- \/ Yoast SEO plugin. -->","yoast_head_json":{"title":"Libri sulla disabilit\u00e0: un mondo che parla e si fa conoscere","description":"Cambiare punto di vista, informarsi, arricchire la propria conoscenzaDalla saggistica alla narrativa, si moltiplicano i libri sulla disabilit\u00e0.","robots":{"index":"index","follow":"follow","max-snippet":"max-snippet:-1","max-image-preview":"max-image-preview:large","max-video-preview":"max-video-preview:-1"},"canonical":"https:\/\/www.ausilium.it\/blog\/libri-sulla-disabilita-un-mondo-che-parla-e-si-fa-conoscere\/","og_locale":"it_IT","og_type":"article","og_title":"Libri sulla disabilit\u00e0: un mondo che parla e si fa conoscere","og_description":"Cambiare punto di vista, informarsi, arricchire la propria conoscenzaDalla saggistica alla narrativa, si moltiplicano i libri sulla disabilit\u00e0.","og_url":"https:\/\/www.ausilium.it\/blog\/libri-sulla-disabilita-un-mondo-che-parla-e-si-fa-conoscere\/","og_site_name":"Blog \u2013 Ausilium.it","article_publisher":"https:\/\/www.facebook.com\/Ausiliumsrl\/","article_published_time":"2019-11-13T10:22:25+00:00","article_modified_time":"2024-03-21T16:03:36+00:00","og_image":[{"width":940,"height":358,"url":"https:\/\/www.ausilium.it\/blog\/wp-content\/uploads\/2019\/11\/5-e1711037011467.png","type":"image\/png"}],"author":"Ausilium","twitter_card":"summary_large_image","twitter_creator":"@ausilium","twitter_site":"@ausilium","twitter_misc":{"Scritto da":"Ausilium","Tempo di lettura stimato":"2 minuti"},"schema":{"@context":"https:\/\/schema.org","@graph":[{"@type":"Article","@id":"https:\/\/www.ausilium.it\/blog\/libri-sulla-disabilita-un-mondo-che-parla-e-si-fa-conoscere\/#article","isPartOf":{"@id":"https:\/\/www.ausilium.it\/blog\/libri-sulla-disabilita-un-mondo-che-parla-e-si-fa-conoscere\/"},"author":{"name":"Ausilium","@id":"https:\/\/www.ausilium.it\/blog\/#\/schema\/person\/6ffbc46eda70510caea8fdb424ed89c6"},"headline":"Libri sulla disabilit\u00e0: un mondo che parla e si fa conoscere","datePublished":"2019-11-13T10:22:25+00:00","dateModified":"2024-03-21T16:03:36+00:00","mainEntityOfPage":{"@id":"https:\/\/www.ausilium.it\/blog\/libri-sulla-disabilita-un-mondo-che-parla-e-si-fa-conoscere\/"},"wordCount":316,"publisher":{"@id":"https:\/\/www.ausilium.it\/blog\/#organization"},"image":{"@id":"https:\/\/www.ausilium.it\/blog\/libri-sulla-disabilita-un-mondo-che-parla-e-si-fa-conoscere\/#primaryimage"},"thumbnailUrl":"https:\/\/www.ausilium.it\/blog\/wp-content\/uploads\/2019\/11\/5-e1711037011467.png","keywords":["alimentazione","anziani","ausili","bellezza","benessere","benessere anziani","disabili","disabilit\u00e0","donne","libri","prevenzione","salute","stare bene"],"articleSection":["Disabili e Anziani","Sport e tempo libero"],"inLanguage":"it-IT"},{"@type":"WebPage","@id":"https:\/\/www.ausilium.it\/blog\/libri-sulla-disabilita-un-mondo-che-parla-e-si-fa-conoscere\/","url":"https:\/\/www.ausilium.it\/blog\/libri-sulla-disabilita-un-mondo-che-parla-e-si-fa-conoscere\/","name":"Libri sulla disabilit\u00e0: un mondo che parla e si fa conoscere","isPartOf":{"@id":"https:\/\/www.ausilium.it\/blog\/#website"},"primaryImageOfPage":{"@id":"https:\/\/www.ausilium.it\/blog\/libri-sulla-disabilita-un-mondo-che-parla-e-si-fa-conoscere\/#primaryimage"},"image":{"@id":"https:\/\/www.ausilium.it\/blog\/libri-sulla-disabilita-un-mondo-che-parla-e-si-fa-conoscere\/#primaryimage"},"thumbnailUrl":"https:\/\/www.ausilium.it\/blog\/wp-content\/uploads\/2019\/11\/5-e1711037011467.png","datePublished":"2019-11-13T10:22:25+00:00","dateModified":"2024-03-21T16:03:36+00:00","description":"Cambiare punto di vista, informarsi, arricchire la propria conoscenzaDalla saggistica alla narrativa, si moltiplicano i libri sulla disabilit\u00e0.","breadcrumb":{"@id":"https:\/\/www.ausilium.it\/blog\/libri-sulla-disabilita-un-mondo-che-parla-e-si-fa-conoscere\/#breadcrumb"},"inLanguage":"it-IT","potentialAction":[{"@type":"ReadAction","target":["https:\/\/www.ausilium.it\/blog\/libri-sulla-disabilita-un-mondo-che-parla-e-si-fa-conoscere\/"]}]},{"@type":"ImageObject","inLanguage":"it-IT","@id":"https:\/\/www.ausilium.it\/blog\/libri-sulla-disabilita-un-mondo-che-parla-e-si-fa-conoscere\/#primaryimage","url":"https:\/\/www.ausilium.it\/blog\/wp-content\/uploads\/2019\/11\/5-e1711037011467.png","contentUrl":"https:\/\/www.ausilium.it\/blog\/wp-content\/uploads\/2019\/11\/5-e1711037011467.png","width":940,"height":358},{"@type":"BreadcrumbList","@id":"https:\/\/www.ausilium.it\/blog\/libri-sulla-disabilita-un-mondo-che-parla-e-si-fa-conoscere\/#breadcrumb","itemListElement":[{"@type":"ListItem","position":1,"name":"Home","item":"https:\/\/www.ausilium.it\/blog\/"},{"@type":"ListItem","position":2,"name":"Libri sulla disabilit\u00e0: un mondo che parla e si fa conoscere"}]},{"@type":"WebSite","@id":"https:\/\/www.ausilium.it\/blog\/#website","url":"https:\/\/www.ausilium.it\/blog\/","name":"Blog \u2013 Ausilium.it","description":"Scopri il Blog Salute di Ausilium per ottenere approfondimenti esperti su benessere, consigli medici e migliori prodotti. La tua guida definitiva per una vita sana.","publisher":{"@id":"https:\/\/www.ausilium.it\/blog\/#organization"},"potentialAction":[{"@type":"SearchAction","target":{"@type":"EntryPoint","urlTemplate":"https:\/\/www.ausilium.it\/blog\/?s={search_term_string}"},"query-input":{"@type":"PropertyValueSpecification","valueRequired":true,"valueName":"search_term_string"}}],"inLanguage":"it-IT"},{"@type":"Organization","@id":"https:\/\/www.ausilium.it\/blog\/#organization","name":"Blog Ausilium.it","url":"https:\/\/www.ausilium.it\/blog\/","logo":{"@type":"ImageObject","inLanguage":"it-IT","@id":"https:\/\/www.ausilium.it\/blog\/#\/schema\/logo\/image\/","url":"https:\/\/www.ausilium.it\/blog\/wp-content\/uploads\/2021\/12\/cropped-cropped-blog-retina-logo-mobile.png","contentUrl":"https:\/\/www.ausilium.it\/blog\/wp-content\/uploads\/2021\/12\/cropped-cropped-blog-retina-logo-mobile.png","width":280,"height":73,"caption":"Blog Ausilium.it"},"image":{"@id":"https:\/\/www.ausilium.it\/blog\/#\/schema\/logo\/image\/"},"sameAs":["https:\/\/www.facebook.com\/Ausiliumsrl\/","https:\/\/x.com\/ausilium","https:\/\/www.youtube.com\/user\/Ausilium\/videos"]},{"@type":"Person","@id":"https:\/\/www.ausilium.it\/blog\/#\/schema\/person\/6ffbc46eda70510caea8fdb424ed89c6","name":"Ausilium","image":{"@type":"ImageObject","inLanguage":"it-IT","@id":"https:\/\/www.ausilium.it\/blog\/#\/schema\/person\/image\/","url":"https:\/\/secure.gravatar.com\/avatar\/15df98e427a9337f90991f8d64fc428c?s=96&d=mm&r=g","contentUrl":"https:\/\/secure.gravatar.com\/avatar\/15df98e427a9337f90991f8d64fc428c?s=96&d=mm&r=g","caption":"Ausilium"},"sameAs":["http:\/\/www.ausilium.it"],"url":"https:\/\/www.ausilium.it\/blog\/author\/silvia\/"}]}},"amp_enabled":true,"_links":{"self":[{"href":"https:\/\/www.ausilium.it\/blog\/wp-json\/wp\/v2\/posts\/7487"}],"collection":[{"href":"https:\/\/www.ausilium.it\/blog\/wp-json\/wp\/v2\/posts"}],"about":[{"href":"https:\/\/www.ausilium.it\/blog\/wp-json\/wp\/v2\/types\/post"}],"author":[{"embeddable":true,"href":"https:\/\/www.ausilium.it\/blog\/wp-json\/wp\/v2\/users\/2"}],"replies":[{"embeddable":true,"href":"https:\/\/www.ausilium.it\/blog\/wp-json\/wp\/v2\/comments?post=7487"}],"version-history":[{"count":1,"href":"https:\/\/www.ausilium.it\/blog\/wp-json\/wp\/v2\/posts\/7487\/revisions"}],"predecessor-version":[{"id":7488,"href":"https:\/\/www.ausilium.it\/blog\/wp-json\/wp\/v2\/posts\/7487\/revisions\/7488"}],"wp:featuredmedia":[{"embeddable":true,"href":"https:\/\/www.ausilium.it\/blog\/wp-json\/wp\/v2\/media\/7493"}],"wp:attachment":[{"href":"https:\/\/www.ausilium.it\/blog\/wp-json\/wp\/v2\/media?parent=7487"}],"wp:term":[{"taxonomy":"category","embeddable":true,"href":"https:\/\/www.ausilium.it\/blog\/wp-json\/wp\/v2\/categories?post=7487"},{"taxonomy":"post_tag","embeddable":true,"href":"https:\/\/www.ausilium.it\/blog\/wp-json\/wp\/v2\/tags?post=7487"}],"curies":[{"name":"wp","href":"https:\/\/api.w.org\/{rel}","templated":true}]}}